{"id":7,"date":"2003-10-23T00:00:00","date_gmt":"2003-10-23T00:00:00","guid":{"rendered":"http:\/\/blog.professionearchitetto.it\/biancalerza\/2003\/10\/23\/ciao-a-tuttivolevo-ringraziare\/"},"modified":"2003-10-23T00:00:00","modified_gmt":"2003-10-23T00:00:00","slug":"ciao-a-tuttivolevo-ringraziare","status":"publish","type":"post","link":"https:\/\/blog.professionearchitetto.it\/biancalerza\/2003\/10\/23\/ciao-a-tuttivolevo-ringraziare\/","title":{"rendered":"ciao a tutti..volevo ringraziare"},"content":{"rendered":"<div><img loading=\"lazy\" decoding=\"async\" height=\"19\" alt=\"pioggia\" hspace=\"0\" src=\"\/blog\/smileys\/pioggia.gif\" width=\"20\" border=\"0\">ciao a tutti..innanzitutto volevo ringraziare tutte le persone che carinamente mi hanno scritto..molti per sapere cosa devono fare per venire qui..altri per supportarmi..grazie a tutti ..anche se a tutti o quasi ho risposto personalmente..dopo cerchero&#8217; di mettere alcune risposte che possono servire a soddisfare altri curiosi..<\/div>\n<div> <\/div>\n<div>Oggi giornataccia..quando si dice il buongiorno si vede dal mattino..il mattino diciamo subito che tarda ad arrivare alle otto incomincia a diventare grigiolino piu&#8217; chiaro..ma il cielo bello dell&#8217;Italia dove sta..? Vabb\u00e8 questa mattina pioveva anche..dopo tantissimi giorni di tempo bello..come al solito alzarsi \u00e8 sempre troppo faticoso..ma evidentemente oggi lo \u00e8 stato di piu&#8217; visto che facendo tutto di grande fretta ho dimenticato le chiavi dentro la stanza..DELIRIO..per fortuna esistono gli scassinatori autorizzati che in cambio di 6 euro ti aprono anche le cassaforti con un semplice pezzo di radiografia.. Incredibile ma vero!!<\/div>\n<div>di corsissima al lavoro..entro il sette di novembre abbiamo la consegna di due fasi dello stesso il permesso di costruire..che corrisponde alla nostra richiesta di concessione edilizia e la fase apd avant project dettagli\u00e8..si scriver\u00e0 cosi..chiss\u00e0..che corrisponde a qualcosa che \u00e8 piu&#8217; del nostro progetto definitivo ma meno dell&#8217;esecutivo..io mi occupo della fase pc dopo aver ridisegnato quattro delle piante che serviranno per la fase apd, e occuparsi del pc significa verificare tutte le superfici ..utili la shob () superfice lorda) e la shon..sarebbe la sprf netta..aiuto me la sogno pure di notte..da lei dipende la sorta dei numeri di posti nel parcheggio e quindi tutta la struttura puo&#8217; risentirne..ma sto sette quando arriva??? a conclusione della giornata c&#8217;\u00e8 stata una cosa molto carina..lo studio lavora moltissimo in cina , costruendo ex novo citt\u00e0, grandi infrastrutture e soprattutto hanno vinto il concorso per la realizzazione dell&#8217;expo del 2010 a shangai..vi lascio immaginare..per cui ci sono stati molti architetti esterni strafamosi che hanno partecipato e una grande rappresentanza di cinesi..e sempre cinese \u00e8 stato gran parte del buffet..che ha concluso la giornata..speriamo meglio domani..<\/div>\n<div> <\/div>\n<div>A quanti hanno chiesto ma \u00e8 facile lavorare li..non \u00e8 facilissimo ma \u00e8 probabile visto che siamo in cento e che i lavori sono enormi..notte bianca<img loading=\"lazy\" decoding=\"async\" height=\"19\" alt=\"stella\" src=\"http:\/\/blog.professionearchitetto.it\/wp-content\/uploads\/smileys\/stella.gif\" width=\"19\"><\/div>\n","protected":false},"excerpt":{"rendered":"<p>ciao a tutti..innanzitutto volevo ringraziare tutte le persone che carinamente mi hanno scritto..molti per sapere cosa <a href=\"https:\/\/blog.professionearchitetto.it\/biancalerza\/2003\/10\/23\/ciao-a-tuttivolevo-ringraziare\/\">[continua]<\/a><\/p>\n","protected":false},"author":4,"featured_media":0,"comment_status":"open","ping_status":"open","sticky":false,"template":"","format":"standard","meta":{"footnotes":""},"categories":[1],"tags":[],"class_list":["post-7","post","type-post","status-publish","format-standard","hentry","category-senza-categoria"],"yoast_head":"<!-- This site is optimized with the Yoast SEO plugin v24.7 - https:\/\/yoast.com\/wordpress\/plugins\/seo\/ -->\n<title>ciao a tutti..volevo ringraziare - Parigi by Bianca<\/title>\n<meta name=\"robots\" content=\"index, follow, max-snippet:-1, max-image-preview:large, max-video-preview:-1\" \/>\n<link rel=\"canonical\" href=\"https:\/\/blog.professionearchitetto.it\/biancalerza\/2003\/10\/23\/ciao-a-tuttivolevo-ringraziare\/\" \/>\n<meta property=\"og:locale\" content=\"it_IT\" \/>\n<meta property=\"og:type\" content=\"article\" \/>\n<meta property=\"og:title\" content=\"ciao a tutti..volevo ringraziare - Parigi by Bianca\" \/>\n<meta property=\"og:description\" content=\"ciao a tutti..innanzitutto volevo ringraziare tutte le persone che carinamente mi hanno scritto..molti per sapere cosa [continua]\" \/>\n<meta property=\"og:url\" content=\"https:\/\/blog.professionearchitetto.it\/biancalerza\/2003\/10\/23\/ciao-a-tuttivolevo-ringraziare\/\" \/>\n<meta property=\"og:site_name\" content=\"Parigi by Bianca\" \/>\n<meta property=\"article:published_time\" content=\"2003-10-23T00:00:00+00:00\" \/>\n<meta property=\"og:image\" content=\"http:\/\/blog.professionearchitetto.it\/wp-content\/uploads\/smileys\/stella.gif\" \/>\n<meta name=\"author\" content=\"bianca lerza\" \/>\n<meta name=\"twitter:label1\" content=\"Scritto da\" \/>\n\t<meta name=\"twitter:data1\" content=\"bianca lerza\" \/>\n\t<meta name=\"twitter:label2\" content=\"Tempo di lettura stimato\" \/>\n\t<meta name=\"twitter:data2\" content=\"2 minuti\" \/>\n<script type=\"application\/ld+json\" class=\"yoast-schema-graph\">{\"@context\":\"https:\/\/schema.org\",\"@graph\":[{\"@type\":\"WebPage\",\"@id\":\"https:\/\/blog.professionearchitetto.it\/biancalerza\/2003\/10\/23\/ciao-a-tuttivolevo-ringraziare\/\",\"url\":\"https:\/\/blog.professionearchitetto.it\/biancalerza\/2003\/10\/23\/ciao-a-tuttivolevo-ringraziare\/\",\"name\":\"ciao a tutti..volevo ringraziare - Parigi by Bianca\",\"isPartOf\":{\"@id\":\"https:\/\/blog.professionearchitetto.it\/biancalerza\/#website\"},\"primaryImageOfPage\":{\"@id\":\"https:\/\/blog.professionearchitetto.it\/biancalerza\/2003\/10\/23\/ciao-a-tuttivolevo-ringraziare\/#primaryimage\"},\"image\":{\"@id\":\"https:\/\/blog.professionearchitetto.it\/biancalerza\/2003\/10\/23\/ciao-a-tuttivolevo-ringraziare\/#primaryimage\"},\"thumbnailUrl\":\"http:\/\/blog.professionearchitetto.it\/wp-content\/uploads\/smileys\/stella.gif\",\"datePublished\":\"2003-10-23T00:00:00+00:00\",\"author\":{\"@id\":\"https:\/\/blog.professionearchitetto.it\/biancalerza\/#\/schema\/person\/a002f88b23c7fb8061ac0ba5b4e19a38\"},\"breadcrumb\":{\"@id\":\"https:\/\/blog.professionearchitetto.it\/biancalerza\/2003\/10\/23\/ciao-a-tuttivolevo-ringraziare\/#breadcrumb\"},\"inLanguage\":\"it-IT\",\"potentialAction\":[{\"@type\":\"ReadAction\",\"target\":[\"https:\/\/blog.professionearchitetto.it\/biancalerza\/2003\/10\/23\/ciao-a-tuttivolevo-ringraziare\/\"]}]},{\"@type\":\"ImageObject\",\"inLanguage\":\"it-IT\",\"@id\":\"https:\/\/blog.professionearchitetto.it\/biancalerza\/2003\/10\/23\/ciao-a-tuttivolevo-ringraziare\/#primaryimage\",\"url\":\"http:\/\/blog.professionearchitetto.it\/wp-content\/uploads\/smileys\/stella.gif\",\"contentUrl\":\"http:\/\/blog.professionearchitetto.it\/wp-content\/uploads\/smileys\/stella.gif\"},{\"@type\":\"BreadcrumbList\",\"@id\":\"https:\/\/blog.professionearchitetto.it\/biancalerza\/2003\/10\/23\/ciao-a-tuttivolevo-ringraziare\/#breadcrumb\",\"itemListElement\":[{\"@type\":\"ListItem\",\"position\":1,\"name\":\"Home\",\"item\":\"https:\/\/blog.professionearchitetto.it\/biancalerza\/\"},{\"@type\":\"ListItem\",\"position\":2,\"name\":\"ciao a tutti..volevo ringraziare\"}]},{\"@type\":\"WebSite\",\"@id\":\"https:\/\/blog.professionearchitetto.it\/biancalerza\/#website\",\"url\":\"https:\/\/blog.professionearchitetto.it\/biancalerza\/\",\"name\":\"Parigi by Bianca\",\"description\":\"Salut.. sono Bianca da Parigi\",\"potentialAction\":[{\"@type\":\"SearchAction\",\"target\":{\"@type\":\"EntryPoint\",\"urlTemplate\":\"https:\/\/blog.professionearchitetto.it\/biancalerza\/?s={search_term_string}\"},\"query-input\":{\"@type\":\"PropertyValueSpecification\",\"valueRequired\":true,\"valueName\":\"search_term_string\"}}],\"inLanguage\":\"it-IT\"},{\"@type\":\"Person\",\"@id\":\"https:\/\/blog.professionearchitetto.it\/biancalerza\/#\/schema\/person\/a002f88b23c7fb8061ac0ba5b4e19a38\",\"name\":\"bianca lerza\",\"image\":{\"@type\":\"ImageObject\",\"inLanguage\":\"it-IT\",\"@id\":\"https:\/\/blog.professionearchitetto.it\/biancalerza\/#\/schema\/person\/image\/\",\"url\":\"https:\/\/secure.gravatar.com\/avatar\/c35296ad033f1bf59b23e114010b094d?s=96&d=mm&r=g\",\"contentUrl\":\"https:\/\/secure.gravatar.com\/avatar\/c35296ad033f1bf59b23e114010b094d?s=96&d=mm&r=g\",\"caption\":\"bianca lerza\"},\"url\":\"https:\/\/blog.professionearchitetto.it\/biancalerza\/author\/bianca-lerza\/\"}]}<\/script>\n<!-- \/ Yoast SEO plugin. -->","yoast_head_json":{"title":"ciao a tutti..volevo ringraziare - Parigi by Bianca","robots":{"index":"index","follow":"follow","max-snippet":"max-snippet:-1","max-image-preview":"max-image-preview:large","max-video-preview":"max-video-preview:-1"},"canonical":"https:\/\/blog.professionearchitetto.it\/biancalerza\/2003\/10\/23\/ciao-a-tuttivolevo-ringraziare\/","og_locale":"it_IT","og_type":"article","og_title":"ciao a tutti..volevo ringraziare - Parigi by Bianca","og_description":"ciao a tutti..innanzitutto volevo ringraziare tutte le persone che carinamente mi hanno scritto..molti per sapere cosa [continua]","og_url":"https:\/\/blog.professionearchitetto.it\/biancalerza\/2003\/10\/23\/ciao-a-tuttivolevo-ringraziare\/","og_site_name":"Parigi by Bianca","article_published_time":"2003-10-23T00:00:00+00:00","og_image":[{"url":"http:\/\/blog.professionearchitetto.it\/wp-content\/uploads\/smileys\/stella.gif","type":"","width":"","height":""}],"author":"bianca lerza","twitter_misc":{"Scritto da":"bianca lerza","Tempo di lettura stimato":"2 minuti"},"schema":{"@context":"https:\/\/schema.org","@graph":[{"@type":"WebPage","@id":"https:\/\/blog.professionearchitetto.it\/biancalerza\/2003\/10\/23\/ciao-a-tuttivolevo-ringraziare\/","url":"https:\/\/blog.professionearchitetto.it\/biancalerza\/2003\/10\/23\/ciao-a-tuttivolevo-ringraziare\/","name":"ciao a tutti..volevo ringraziare - Parigi by Bianca","isPartOf":{"@id":"https:\/\/blog.professionearchitetto.it\/biancalerza\/#website"},"primaryImageOfPage":{"@id":"https:\/\/blog.professionearchitetto.it\/biancalerza\/2003\/10\/23\/ciao-a-tuttivolevo-ringraziare\/#primaryimage"},"image":{"@id":"https:\/\/blog.professionearchitetto.it\/biancalerza\/2003\/10\/23\/ciao-a-tuttivolevo-ringraziare\/#primaryimage"},"thumbnailUrl":"http:\/\/blog.professionearchitetto.it\/wp-content\/uploads\/smileys\/stella.gif","datePublished":"2003-10-23T00:00:00+00:00","author":{"@id":"https:\/\/blog.professionearchitetto.it\/biancalerza\/#\/schema\/person\/a002f88b23c7fb8061ac0ba5b4e19a38"},"breadcrumb":{"@id":"https:\/\/blog.professionearchitetto.it\/biancalerza\/2003\/10\/23\/ciao-a-tuttivolevo-ringraziare\/#breadcrumb"},"inLanguage":"it-IT","potentialAction":[{"@type":"ReadAction","target":["https:\/\/blog.professionearchitetto.it\/biancalerza\/2003\/10\/23\/ciao-a-tuttivolevo-ringraziare\/"]}]},{"@type":"ImageObject","inLanguage":"it-IT","@id":"https:\/\/blog.professionearchitetto.it\/biancalerza\/2003\/10\/23\/ciao-a-tuttivolevo-ringraziare\/#primaryimage","url":"http:\/\/blog.professionearchitetto.it\/wp-content\/uploads\/smileys\/stella.gif","contentUrl":"http:\/\/blog.professionearchitetto.it\/wp-content\/uploads\/smileys\/stella.gif"},{"@type":"BreadcrumbList","@id":"https:\/\/blog.professionearchitetto.it\/biancalerza\/2003\/10\/23\/ciao-a-tuttivolevo-ringraziare\/#breadcrumb","itemListElement":[{"@type":"ListItem","position":1,"name":"Home","item":"https:\/\/blog.professionearchitetto.it\/biancalerza\/"},{"@type":"ListItem","position":2,"name":"ciao a tutti..volevo ringraziare"}]},{"@type":"WebSite","@id":"https:\/\/blog.professionearchitetto.it\/biancalerza\/#website","url":"https:\/\/blog.professionearchitetto.it\/biancalerza\/","name":"Parigi by Bianca","description":"Salut.. sono Bianca da Parigi","potentialAction":[{"@type":"SearchAction","target":{"@type":"EntryPoint","urlTemplate":"https:\/\/blog.professionearchitetto.it\/biancalerza\/?s={search_term_string}"},"query-input":{"@type":"PropertyValueSpecification","valueRequired":true,"valueName":"search_term_string"}}],"inLanguage":"it-IT"},{"@type":"Person","@id":"https:\/\/blog.professionearchitetto.it\/biancalerza\/#\/schema\/person\/a002f88b23c7fb8061ac0ba5b4e19a38","name":"bianca lerza","image":{"@type":"ImageObject","inLanguage":"it-IT","@id":"https:\/\/blog.professionearchitetto.it\/biancalerza\/#\/schema\/person\/image\/","url":"https:\/\/secure.gravatar.com\/avatar\/c35296ad033f1bf59b23e114010b094d?s=96&d=mm&r=g","contentUrl":"https:\/\/secure.gravatar.com\/avatar\/c35296ad033f1bf59b23e114010b094d?s=96&d=mm&r=g","caption":"bianca lerza"},"url":"https:\/\/blog.professionearchitetto.it\/biancalerza\/author\/bianca-lerza\/"}]}},"_links":{"self":[{"href":"https:\/\/blog.professionearchitetto.it\/biancalerza\/wp-json\/wp\/v2\/posts\/7","targetHints":{"allow":["GET"]}}],"collection":[{"href":"https:\/\/blog.professionearchitetto.it\/biancalerza\/wp-json\/wp\/v2\/posts"}],"about":[{"href":"https:\/\/blog.professionearchitetto.it\/biancalerza\/wp-json\/wp\/v2\/types\/post"}],"author":[{"embeddable":true,"href":"https:\/\/blog.professionearchitetto.it\/biancalerza\/wp-json\/wp\/v2\/users\/4"}],"replies":[{"embeddable":true,"href":"https:\/\/blog.professionearchitetto.it\/biancalerza\/wp-json\/wp\/v2\/comments?post=7"}],"version-history":[{"count":0,"href":"https:\/\/blog.professionearchitetto.it\/biancalerza\/wp-json\/wp\/v2\/posts\/7\/revisions"}],"wp:attachment":[{"href":"https:\/\/blog.professionearchitetto.it\/biancalerza\/wp-json\/wp\/v2\/media?parent=7"}],"wp:term":[{"taxonomy":"category","embeddable":true,"href":"https:\/\/blog.professionearchitetto.it\/biancalerza\/wp-json\/wp\/v2\/categories?post=7"},{"taxonomy":"post_tag","embeddable":true,"href":"https:\/\/blog.professionearchitetto.it\/biancalerza\/wp-json\/wp\/v2\/tags?post=7"}],"curies":[{"name":"wp","href":"https:\/\/api.w.org\/{rel}","templated":true}]}}