{"id":26,"date":"2008-07-16T00:00:00","date_gmt":"2008-07-16T00:00:00","guid":{"rendered":"http:\/\/blog.professionearchitetto.it\/federicograzzini\/2008\/07\/16\/mmm-umbria-jazz-con\/"},"modified":"2008-07-16T00:00:00","modified_gmt":"2008-07-16T00:00:00","slug":"mmm-umbria-jazz-con","status":"publish","type":"post","link":"https:\/\/blog.professionearchitetto.it\/federicograzzini\/2008\/07\/16\/mmm-umbria-jazz-con\/","title":{"rendered":"mmm&#8230; umbria jazz con"},"content":{"rendered":"<p><span style=\"color: #99cc00\">mmm&#8230; <span style=\"color: #ff9900\"><strong>umbria jazz<\/strong><\/span> con pa+bro, un bel po&#8217; di musica di qualit\u00e0 elevata in mezzo ad un pubblico colto, ordinato e un po&#8217; snob. Cassandra Wilson, David Sanborn, KJ Denhert, Charles Lloyd, Bill Frisell &#8211; l&#8217;unico che a dire la verit\u00e0 \u00e8 stato un po&#8217; una delusione. L&#8217;umbra comunque \u00e8 sempre bella, e la mostra sul <span style=\"color: #3366ff\"><strong>Pinturicchio<\/strong><\/span> al palazzo dei Priori vale da sola il viaggio. Anche la visita alla Cappella Bella di <span style=\"color: #800080\"><strong>Spello<\/strong><\/span>, abbagliante di colori e fine di disegno.<\/span><\/p>\n<p>Fa sempre un po&#8217; strano andare in giro con mio padre e mio fratello, noi tre alla scoperta del mondo. Vengono in mente le gite che facevamo da adolescenti durante i fine settimana, periodi assegnati dagli accordi di separazione fra i miei alla frequentazione paterna. La citt\u00e0 della Domenica, colla sua congerie di kitsch folk-storico-tecnologico; gli strumenti di tortura medievale e il modello visitabile del razzo saturno con la scala a chiocciola, il castello della bella addormentata (apocrifo walt disney con accurate differenze per non infrangere i diritti d&#8217;autore) e la pista dei go-kart, la manovia e lo scivolo a balze, tutto metafisicamente sparpagliato in modo molto rarefatto -incontravi altri visitatori solo sporadicamente-, immerso in una assolata campagna umbra.<\/p>\n<p>Adesso alcune cose sono cambiate, quasi rovesciate: sono i figli a dover ogni tanto tenere d&#8217;occhio il genitore, che pur completamente autonomo e pimpante coi suoi settantacinque, ci vede poco anche se non lo ammette e non lo d\u00e0 a vedere, per cui rischia ogni sorta di inconveniente. Altre cose sono invece tali e quali, come la proverbiale e incrollabile tirchieria del patriarca che durante tutta la gita non ci ha offerto nemmeno una cena. Io ci sono rimasto male in verit\u00e0, ma forse ha ragione mio fratello quando dice che conoscendo i ns. polli non mi sare dovuto aspettare alcunch\u00e8. Vero, forse sono io che non rinuncio mai a farmi illusioni. E la vecchiaia non cambia le persone, anzi ne radicalizza alcuni tratti.<\/p>\n<p><span style=\"color: #339966\">Alla feltrinelli in piazza a Perugia fra l&#8217;altro ho acquistato, dopo averne letto alcune pagine sulla comoda poltroncina un po&#8217; in disparte mentre la gente si accalcava a presenziare l&#8217;incontro con Stefano Bollani, il libro di <strong>Marco Romano<\/strong> &#8220;La citt\u00e0 come opera d&#8217;arte&#8221;. Dato il prezzo abbordabile, l&#8217;ho comprato senza sapere alcunch\u00e8 dell&#8217;autore e senza sapere a quale corrente\/compagine\/indirizzo politico apparteneva, deciso a farmi un&#8217;opinione solo a partire da quello che vi era scritto e dalla bont\u00e0 delle sue intuizioni. Devo dire che alcuni spunti sono molto interessanti, (il titolo \u00e8 la prima) soprattutto perch\u00e8 sono al di fuori dalle solite idee sull&#8217;urbanistica che si trovano nei libri di testo delle universit\u00e0. A volte purtroppo la sintassi \u00e8 sconnessa e la lettura poco fluida, e ci sono anche alcune solenni cantonate, come quando si allude al grattacielo come ad una invenzione che ad un certo punto viene esportata altrove dall&#8217;europa, ma il racconto dei temi e dei modi con cui si forma la citt\u00e0 medievale e rinascimentale \u00e8 convincente e avvincente. <\/span><\/p>\n<p><span style=\"color: #0000ff\">Inoltre conferma alcune mie idee ormai radicate su come l&#8217;arte sia non solo la chiave di lettura ma anche il desiderabile motore che manda avanti il progetto contemporaneo.<\/span><\/p>\n<p><span style=\"background-color: #ffffff\">Fatemi sapere se qualcuno ha notizie sul personaggio e cosa ne pansate.<\/span><\/p>\n<p>A bientot<img loading=\"lazy\" decoding=\"async\" src=\"..\/smileys\/fiore.gif\" border=\"0\" alt=\"fiore\" width=\"19\" height=\"19\" \/><\/p><\/p>\n","protected":false},"excerpt":{"rendered":"<p>mmm&#8230; umbria jazz con pa+bro, un bel po&#8217; di musica di qualit\u00e0 elevata in mezzo ad <a href=\"https:\/\/blog.professionearchitetto.it\/federicograzzini\/2008\/07\/16\/mmm-umbria-jazz-con\/\">[continua]<\/a><\/p>\n","protected":false},"author":15,"featured_media":0,"comment_status":"open","ping_status":"open","sticky":false,"template":"","format":"standard","meta":{"footnotes":""},"categories":[1],"tags":[],"class_list":["post-26","post","type-post","status-publish","format-standard","hentry","category-senza-categoria"],"yoast_head":"<!-- This site is optimized with the Yoast SEO plugin v24.7 - https:\/\/yoast.com\/wordpress\/plugins\/seo\/ -->\n<title>mmm... umbria jazz con - Federico the constant relocator<\/title>\n<meta name=\"robots\" content=\"index, follow, max-snippet:-1, max-image-preview:large, max-video-preview:-1\" \/>\n<link rel=\"canonical\" href=\"https:\/\/blog.professionearchitetto.it\/federicograzzini\/2008\/07\/16\/mmm-umbria-jazz-con\/\" \/>\n<meta property=\"og:locale\" content=\"it_IT\" \/>\n<meta property=\"og:type\" content=\"article\" \/>\n<meta property=\"og:title\" content=\"mmm... umbria jazz con - Federico the constant relocator\" \/>\n<meta property=\"og:description\" content=\"mmm... umbria jazz con pa+bro, un bel po&#039; di musica di qualit\u00e0 elevata in mezzo ad [continua]\" \/>\n<meta property=\"og:url\" content=\"https:\/\/blog.professionearchitetto.it\/federicograzzini\/2008\/07\/16\/mmm-umbria-jazz-con\/\" \/>\n<meta property=\"og:site_name\" content=\"Federico the constant relocator\" \/>\n<meta property=\"article:published_time\" content=\"2008-07-16T00:00:00+00:00\" \/>\n<meta name=\"author\" content=\"federico grazzini\" \/>\n<meta name=\"twitter:label1\" content=\"Scritto da\" \/>\n\t<meta name=\"twitter:data1\" content=\"federico grazzini\" \/>\n\t<meta name=\"twitter:label2\" content=\"Tempo di lettura stimato\" \/>\n\t<meta name=\"twitter:data2\" content=\"3 minuti\" \/>\n<script type=\"application\/ld+json\" class=\"yoast-schema-graph\">{\"@context\":\"https:\/\/schema.org\",\"@graph\":[{\"@type\":\"WebPage\",\"@id\":\"https:\/\/blog.professionearchitetto.it\/federicograzzini\/2008\/07\/16\/mmm-umbria-jazz-con\/\",\"url\":\"https:\/\/blog.professionearchitetto.it\/federicograzzini\/2008\/07\/16\/mmm-umbria-jazz-con\/\",\"name\":\"mmm... umbria jazz con - Federico the constant relocator\",\"isPartOf\":{\"@id\":\"https:\/\/blog.professionearchitetto.it\/federicograzzini\/#website\"},\"datePublished\":\"2008-07-16T00:00:00+00:00\",\"author\":{\"@id\":\"https:\/\/blog.professionearchitetto.it\/federicograzzini\/#\/schema\/person\/04e33a390ae8ae02bacfa8dd5946f716\"},\"breadcrumb\":{\"@id\":\"https:\/\/blog.professionearchitetto.it\/federicograzzini\/2008\/07\/16\/mmm-umbria-jazz-con\/#breadcrumb\"},\"inLanguage\":\"it-IT\",\"potentialAction\":[{\"@type\":\"ReadAction\",\"target\":[\"https:\/\/blog.professionearchitetto.it\/federicograzzini\/2008\/07\/16\/mmm-umbria-jazz-con\/\"]}]},{\"@type\":\"BreadcrumbList\",\"@id\":\"https:\/\/blog.professionearchitetto.it\/federicograzzini\/2008\/07\/16\/mmm-umbria-jazz-con\/#breadcrumb\",\"itemListElement\":[{\"@type\":\"ListItem\",\"position\":1,\"name\":\"Home\",\"item\":\"https:\/\/blog.professionearchitetto.it\/federicograzzini\/\"},{\"@type\":\"ListItem\",\"position\":2,\"name\":\"mmm&#8230; umbria jazz con\"}]},{\"@type\":\"WebSite\",\"@id\":\"https:\/\/blog.professionearchitetto.it\/federicograzzini\/#website\",\"url\":\"https:\/\/blog.professionearchitetto.it\/federicograzzini\/\",\"name\":\"Federico the constant relocator\",\"description\":\"i blog di professionearchitetto\",\"potentialAction\":[{\"@type\":\"SearchAction\",\"target\":{\"@type\":\"EntryPoint\",\"urlTemplate\":\"https:\/\/blog.professionearchitetto.it\/federicograzzini\/?s={search_term_string}\"},\"query-input\":{\"@type\":\"PropertyValueSpecification\",\"valueRequired\":true,\"valueName\":\"search_term_string\"}}],\"inLanguage\":\"it-IT\"},{\"@type\":\"Person\",\"@id\":\"https:\/\/blog.professionearchitetto.it\/federicograzzini\/#\/schema\/person\/04e33a390ae8ae02bacfa8dd5946f716\",\"name\":\"federico grazzini\",\"image\":{\"@type\":\"ImageObject\",\"inLanguage\":\"it-IT\",\"@id\":\"https:\/\/blog.professionearchitetto.it\/federicograzzini\/#\/schema\/person\/image\/\",\"url\":\"https:\/\/secure.gravatar.com\/avatar\/cde20af2c296a1f833a301c28f886bce?s=96&d=mm&r=g\",\"contentUrl\":\"https:\/\/secure.gravatar.com\/avatar\/cde20af2c296a1f833a301c28f886bce?s=96&d=mm&r=g\",\"caption\":\"federico grazzini\"},\"url\":\"https:\/\/blog.professionearchitetto.it\/federicograzzini\/author\/federico-grazzini\/\"}]}<\/script>\n<!-- \/ Yoast SEO plugin. -->","yoast_head_json":{"title":"mmm... umbria jazz con - Federico the constant relocator","robots":{"index":"index","follow":"follow","max-snippet":"max-snippet:-1","max-image-preview":"max-image-preview:large","max-video-preview":"max-video-preview:-1"},"canonical":"https:\/\/blog.professionearchitetto.it\/federicograzzini\/2008\/07\/16\/mmm-umbria-jazz-con\/","og_locale":"it_IT","og_type":"article","og_title":"mmm... umbria jazz con - Federico the constant relocator","og_description":"mmm... umbria jazz con pa+bro, un bel po' di musica di qualit\u00e0 elevata in mezzo ad [continua]","og_url":"https:\/\/blog.professionearchitetto.it\/federicograzzini\/2008\/07\/16\/mmm-umbria-jazz-con\/","og_site_name":"Federico the constant relocator","article_published_time":"2008-07-16T00:00:00+00:00","author":"federico grazzini","twitter_misc":{"Scritto da":"federico grazzini","Tempo di lettura stimato":"3 minuti"},"schema":{"@context":"https:\/\/schema.org","@graph":[{"@type":"WebPage","@id":"https:\/\/blog.professionearchitetto.it\/federicograzzini\/2008\/07\/16\/mmm-umbria-jazz-con\/","url":"https:\/\/blog.professionearchitetto.it\/federicograzzini\/2008\/07\/16\/mmm-umbria-jazz-con\/","name":"mmm... umbria jazz con - Federico the constant relocator","isPartOf":{"@id":"https:\/\/blog.professionearchitetto.it\/federicograzzini\/#website"},"datePublished":"2008-07-16T00:00:00+00:00","author":{"@id":"https:\/\/blog.professionearchitetto.it\/federicograzzini\/#\/schema\/person\/04e33a390ae8ae02bacfa8dd5946f716"},"breadcrumb":{"@id":"https:\/\/blog.professionearchitetto.it\/federicograzzini\/2008\/07\/16\/mmm-umbria-jazz-con\/#breadcrumb"},"inLanguage":"it-IT","potentialAction":[{"@type":"ReadAction","target":["https:\/\/blog.professionearchitetto.it\/federicograzzini\/2008\/07\/16\/mmm-umbria-jazz-con\/"]}]},{"@type":"BreadcrumbList","@id":"https:\/\/blog.professionearchitetto.it\/federicograzzini\/2008\/07\/16\/mmm-umbria-jazz-con\/#breadcrumb","itemListElement":[{"@type":"ListItem","position":1,"name":"Home","item":"https:\/\/blog.professionearchitetto.it\/federicograzzini\/"},{"@type":"ListItem","position":2,"name":"mmm&#8230; umbria jazz con"}]},{"@type":"WebSite","@id":"https:\/\/blog.professionearchitetto.it\/federicograzzini\/#website","url":"https:\/\/blog.professionearchitetto.it\/federicograzzini\/","name":"Federico the constant relocator","description":"i blog di professionearchitetto","potentialAction":[{"@type":"SearchAction","target":{"@type":"EntryPoint","urlTemplate":"https:\/\/blog.professionearchitetto.it\/federicograzzini\/?s={search_term_string}"},"query-input":{"@type":"PropertyValueSpecification","valueRequired":true,"valueName":"search_term_string"}}],"inLanguage":"it-IT"},{"@type":"Person","@id":"https:\/\/blog.professionearchitetto.it\/federicograzzini\/#\/schema\/person\/04e33a390ae8ae02bacfa8dd5946f716","name":"federico grazzini","image":{"@type":"ImageObject","inLanguage":"it-IT","@id":"https:\/\/blog.professionearchitetto.it\/federicograzzini\/#\/schema\/person\/image\/","url":"https:\/\/secure.gravatar.com\/avatar\/cde20af2c296a1f833a301c28f886bce?s=96&d=mm&r=g","contentUrl":"https:\/\/secure.gravatar.com\/avatar\/cde20af2c296a1f833a301c28f886bce?s=96&d=mm&r=g","caption":"federico grazzini"},"url":"https:\/\/blog.professionearchitetto.it\/federicograzzini\/author\/federico-grazzini\/"}]}},"_links":{"self":[{"href":"https:\/\/blog.professionearchitetto.it\/federicograzzini\/wp-json\/wp\/v2\/posts\/26","targetHints":{"allow":["GET"]}}],"collection":[{"href":"https:\/\/blog.professionearchitetto.it\/federicograzzini\/wp-json\/wp\/v2\/posts"}],"about":[{"href":"https:\/\/blog.professionearchitetto.it\/federicograzzini\/wp-json\/wp\/v2\/types\/post"}],"author":[{"embeddable":true,"href":"https:\/\/blog.professionearchitetto.it\/federicograzzini\/wp-json\/wp\/v2\/users\/15"}],"replies":[{"embeddable":true,"href":"https:\/\/blog.professionearchitetto.it\/federicograzzini\/wp-json\/wp\/v2\/comments?post=26"}],"version-history":[{"count":0,"href":"https:\/\/blog.professionearchitetto.it\/federicograzzini\/wp-json\/wp\/v2\/posts\/26\/revisions"}],"wp:attachment":[{"href":"https:\/\/blog.professionearchitetto.it\/federicograzzini\/wp-json\/wp\/v2\/media?parent=26"}],"wp:term":[{"taxonomy":"category","embeddable":true,"href":"https:\/\/blog.professionearchitetto.it\/federicograzzini\/wp-json\/wp\/v2\/categories?post=26"},{"taxonomy":"post_tag","embeddable":true,"href":"https:\/\/blog.professionearchitetto.it\/federicograzzini\/wp-json\/wp\/v2\/tags?post=26"}],"curies":[{"name":"wp","href":"https:\/\/api.w.org\/{rel}","templated":true}]}}