{"id":37,"date":"2008-01-30T00:00:00","date_gmt":"2008-01-30T00:00:00","guid":{"rendered":"http:\/\/blog.professionearchitetto.it\/federicograzzini\/2008\/01\/30\/Eccomi-arrivo-Ma-quanto\/"},"modified":"2008-01-30T00:00:00","modified_gmt":"2008-01-30T00:00:00","slug":"eccomi-arrivo-ma-quanto","status":"publish","type":"post","link":"https:\/\/blog.professionearchitetto.it\/federicograzzini\/2008\/01\/30\/eccomi-arrivo-ma-quanto\/","title":{"rendered":"Eccomi, arrivo. Ma quanto"},"content":{"rendered":"<p> <font color=\"#ff99cc\">Eccomi, arrivo. <\/font> <\/p>\n<p> <font color=\"#993300\"><font color=\"#ff99cc\">Ma quanto tempo&#8230; ogni tanto passavo per dare una sbirciata ai post, ma dato che ancora non ho connessione adsl n\u00e8 telefono a casa e al lavoro le cose sono in stato di panico pressoch\u00e8 continuo e permanente non ho avuto modo di scrivere n\u00e8 rispondere.<\/font> <\/font> <\/p>\n<p> <font color=\"#993300\">Qui a Bologna le cose stanno prendendo una piega strana: allo studio si aprono crepe vistose (\u00e8 appena caduto con fragore un cospicuo pezzo di laterizio&#8230;)causa il tunnel della tav che avanza 16m pi\u00f9 sotto, tanto che gi\u00e0 si vocifera di una possibile evacuazione. Non avrei mai pensato ma il pensiero di cambiare mestiere si affaccia con insolita insistenza alla mia mente di recente. Progetti dall&#8217;iter e metodologia ingarbugliati in cui chi si pu\u00f2 approfittare della situazione lo fa, pfi a senso unico in cui l&#8217;architettura viene trascinata nella melma con conseguente irritazione del boss e tempo per pensare e studiare i particolari prossimo allo zero assoluto. Il tutto con un tasso di soddisfazione pressoch\u00e8 assente sostituita invece da un&#8217;ansia crescente e da un senso di inadeguatezza. Suona familiare? A giudicare dal tono generale dei post italiani direi di s\u00ec.<\/font> <\/p>\n<p> <font color=\"#ff9900\">Quindi vedete bene che non dispongo di ricette o soluzioni per i vostri malesseri, e d&#8217;altronde nemmeno per i miei. Vorrei solo che la tosse che mi perseguita da due settimane si decidesse finalmente a calmarsi. <\/font> <\/p>\n<p> <font color=\"#ff00ff\">Alcune cose comunque si stanno assestando: il corso di Interior Design all&#8217;universit\u00e0 americana \u00e8 iniziato e procede, la casa nuova a Bologna diventa sempre pi\u00f9 mia e l&#8217;amore inatteso iniziato col mio trasferimento in questa citt\u00e0 continua con buona volont\u00e0 e piacere reciproco.<\/font> <\/p>\n<p> <font color=\"#800000\">Al solito, andiamo avanti cercando di stare bene e vediamo come si mette.<\/font> <\/p>\n<p> <font color=\"#800000\">Un bacio a tutti<img loading=\"lazy\" decoding=\"async\" src=\"http:\/\/blog.professionearchitetto.it\/wp-content\/uploads\/smileys\/fiore.gif\" border=\"0\" alt=\"fiore\" width=\"19\" height=\"19\" \/><img loading=\"lazy\" decoding=\"async\" src=\"http:\/\/blog.professionearchitetto.it\/wp-content\/uploads\/smileys\/cuore.gif\" border=\"0\" alt=\"cuore\" width=\"19\" height=\"19\" \/><\/font> <\/p>\n","protected":false},"excerpt":{"rendered":"<p>Eccomi, arrivo. Ma quanto tempo&#8230; ogni tanto passavo per dare una sbirciata ai post, ma dato <a href=\"https:\/\/blog.professionearchitetto.it\/federicograzzini\/2008\/01\/30\/eccomi-arrivo-ma-quanto\/\">[continua]<\/a><\/p>\n","protected":false},"author":15,"featured_media":0,"comment_status":"open","ping_status":"open","sticky":false,"template":"","format":"standard","meta":{"footnotes":""},"categories":[1],"tags":[],"class_list":["post-37","post","type-post","status-publish","format-standard","hentry","category-senza-categoria"],"yoast_head":"<!-- This site is optimized with the Yoast SEO plugin v24.7 - https:\/\/yoast.com\/wordpress\/plugins\/seo\/ -->\n<title>Eccomi, arrivo. Ma quanto - Federico the constant relocator<\/title>\n<meta name=\"robots\" content=\"index, follow, max-snippet:-1, max-image-preview:large, max-video-preview:-1\" \/>\n<link rel=\"canonical\" href=\"https:\/\/blog.professionearchitetto.it\/federicograzzini\/2008\/01\/30\/eccomi-arrivo-ma-quanto\/\" \/>\n<meta property=\"og:locale\" content=\"it_IT\" \/>\n<meta property=\"og:type\" content=\"article\" \/>\n<meta property=\"og:title\" content=\"Eccomi, arrivo. Ma quanto - Federico the constant relocator\" \/>\n<meta property=\"og:description\" content=\"Eccomi, arrivo. Ma quanto tempo... ogni tanto passavo per dare una sbirciata ai post, ma dato [continua]\" \/>\n<meta property=\"og:url\" content=\"https:\/\/blog.professionearchitetto.it\/federicograzzini\/2008\/01\/30\/eccomi-arrivo-ma-quanto\/\" \/>\n<meta property=\"og:site_name\" content=\"Federico the constant relocator\" \/>\n<meta property=\"article:published_time\" content=\"2008-01-30T00:00:00+00:00\" \/>\n<meta property=\"og:image\" content=\"http:\/\/blog.professionearchitetto.it\/wp-content\/uploads\/smileys\/fiore.gif\" \/>\n<meta name=\"author\" content=\"federico grazzini\" \/>\n<meta name=\"twitter:label1\" content=\"Scritto da\" \/>\n\t<meta name=\"twitter:data1\" content=\"federico grazzini\" \/>\n\t<meta name=\"twitter:label2\" content=\"Tempo di lettura stimato\" \/>\n\t<meta name=\"twitter:data2\" content=\"1 minuto\" \/>\n<script type=\"application\/ld+json\" class=\"yoast-schema-graph\">{\"@context\":\"https:\/\/schema.org\",\"@graph\":[{\"@type\":\"WebPage\",\"@id\":\"https:\/\/blog.professionearchitetto.it\/federicograzzini\/2008\/01\/30\/eccomi-arrivo-ma-quanto\/\",\"url\":\"https:\/\/blog.professionearchitetto.it\/federicograzzini\/2008\/01\/30\/eccomi-arrivo-ma-quanto\/\",\"name\":\"Eccomi, arrivo. Ma quanto - Federico the constant relocator\",\"isPartOf\":{\"@id\":\"https:\/\/blog.professionearchitetto.it\/federicograzzini\/#website\"},\"primaryImageOfPage\":{\"@id\":\"https:\/\/blog.professionearchitetto.it\/federicograzzini\/2008\/01\/30\/eccomi-arrivo-ma-quanto\/#primaryimage\"},\"image\":{\"@id\":\"https:\/\/blog.professionearchitetto.it\/federicograzzini\/2008\/01\/30\/eccomi-arrivo-ma-quanto\/#primaryimage\"},\"thumbnailUrl\":\"http:\/\/blog.professionearchitetto.it\/wp-content\/uploads\/smileys\/fiore.gif\",\"datePublished\":\"2008-01-30T00:00:00+00:00\",\"author\":{\"@id\":\"https:\/\/blog.professionearchitetto.it\/federicograzzini\/#\/schema\/person\/04e33a390ae8ae02bacfa8dd5946f716\"},\"breadcrumb\":{\"@id\":\"https:\/\/blog.professionearchitetto.it\/federicograzzini\/2008\/01\/30\/eccomi-arrivo-ma-quanto\/#breadcrumb\"},\"inLanguage\":\"it-IT\",\"potentialAction\":[{\"@type\":\"ReadAction\",\"target\":[\"https:\/\/blog.professionearchitetto.it\/federicograzzini\/2008\/01\/30\/eccomi-arrivo-ma-quanto\/\"]}]},{\"@type\":\"ImageObject\",\"inLanguage\":\"it-IT\",\"@id\":\"https:\/\/blog.professionearchitetto.it\/federicograzzini\/2008\/01\/30\/eccomi-arrivo-ma-quanto\/#primaryimage\",\"url\":\"http:\/\/blog.professionearchitetto.it\/wp-content\/uploads\/smileys\/fiore.gif\",\"contentUrl\":\"http:\/\/blog.professionearchitetto.it\/wp-content\/uploads\/smileys\/fiore.gif\"},{\"@type\":\"BreadcrumbList\",\"@id\":\"https:\/\/blog.professionearchitetto.it\/federicograzzini\/2008\/01\/30\/eccomi-arrivo-ma-quanto\/#breadcrumb\",\"itemListElement\":[{\"@type\":\"ListItem\",\"position\":1,\"name\":\"Home\",\"item\":\"https:\/\/blog.professionearchitetto.it\/federicograzzini\/\"},{\"@type\":\"ListItem\",\"position\":2,\"name\":\"Eccomi, arrivo. Ma quanto\"}]},{\"@type\":\"WebSite\",\"@id\":\"https:\/\/blog.professionearchitetto.it\/federicograzzini\/#website\",\"url\":\"https:\/\/blog.professionearchitetto.it\/federicograzzini\/\",\"name\":\"Federico the constant relocator\",\"description\":\"i blog di professionearchitetto\",\"potentialAction\":[{\"@type\":\"SearchAction\",\"target\":{\"@type\":\"EntryPoint\",\"urlTemplate\":\"https:\/\/blog.professionearchitetto.it\/federicograzzini\/?s={search_term_string}\"},\"query-input\":{\"@type\":\"PropertyValueSpecification\",\"valueRequired\":true,\"valueName\":\"search_term_string\"}}],\"inLanguage\":\"it-IT\"},{\"@type\":\"Person\",\"@id\":\"https:\/\/blog.professionearchitetto.it\/federicograzzini\/#\/schema\/person\/04e33a390ae8ae02bacfa8dd5946f716\",\"name\":\"federico grazzini\",\"image\":{\"@type\":\"ImageObject\",\"inLanguage\":\"it-IT\",\"@id\":\"https:\/\/blog.professionearchitetto.it\/federicograzzini\/#\/schema\/person\/image\/\",\"url\":\"https:\/\/secure.gravatar.com\/avatar\/cde20af2c296a1f833a301c28f886bce?s=96&d=mm&r=g\",\"contentUrl\":\"https:\/\/secure.gravatar.com\/avatar\/cde20af2c296a1f833a301c28f886bce?s=96&d=mm&r=g\",\"caption\":\"federico grazzini\"},\"url\":\"https:\/\/blog.professionearchitetto.it\/federicograzzini\/author\/federico-grazzini\/\"}]}<\/script>\n<!-- \/ Yoast SEO plugin. -->","yoast_head_json":{"title":"Eccomi, arrivo. Ma quanto - Federico the constant relocator","robots":{"index":"index","follow":"follow","max-snippet":"max-snippet:-1","max-image-preview":"max-image-preview:large","max-video-preview":"max-video-preview:-1"},"canonical":"https:\/\/blog.professionearchitetto.it\/federicograzzini\/2008\/01\/30\/eccomi-arrivo-ma-quanto\/","og_locale":"it_IT","og_type":"article","og_title":"Eccomi, arrivo. Ma quanto - Federico the constant relocator","og_description":"Eccomi, arrivo. Ma quanto tempo... ogni tanto passavo per dare una sbirciata ai post, ma dato [continua]","og_url":"https:\/\/blog.professionearchitetto.it\/federicograzzini\/2008\/01\/30\/eccomi-arrivo-ma-quanto\/","og_site_name":"Federico the constant relocator","article_published_time":"2008-01-30T00:00:00+00:00","og_image":[{"url":"http:\/\/blog.professionearchitetto.it\/wp-content\/uploads\/smileys\/fiore.gif","type":"","width":"","height":""}],"author":"federico grazzini","twitter_misc":{"Scritto da":"federico grazzini","Tempo di lettura stimato":"1 minuto"},"schema":{"@context":"https:\/\/schema.org","@graph":[{"@type":"WebPage","@id":"https:\/\/blog.professionearchitetto.it\/federicograzzini\/2008\/01\/30\/eccomi-arrivo-ma-quanto\/","url":"https:\/\/blog.professionearchitetto.it\/federicograzzini\/2008\/01\/30\/eccomi-arrivo-ma-quanto\/","name":"Eccomi, arrivo. Ma quanto - Federico the constant relocator","isPartOf":{"@id":"https:\/\/blog.professionearchitetto.it\/federicograzzini\/#website"},"primaryImageOfPage":{"@id":"https:\/\/blog.professionearchitetto.it\/federicograzzini\/2008\/01\/30\/eccomi-arrivo-ma-quanto\/#primaryimage"},"image":{"@id":"https:\/\/blog.professionearchitetto.it\/federicograzzini\/2008\/01\/30\/eccomi-arrivo-ma-quanto\/#primaryimage"},"thumbnailUrl":"http:\/\/blog.professionearchitetto.it\/wp-content\/uploads\/smileys\/fiore.gif","datePublished":"2008-01-30T00:00:00+00:00","author":{"@id":"https:\/\/blog.professionearchitetto.it\/federicograzzini\/#\/schema\/person\/04e33a390ae8ae02bacfa8dd5946f716"},"breadcrumb":{"@id":"https:\/\/blog.professionearchitetto.it\/federicograzzini\/2008\/01\/30\/eccomi-arrivo-ma-quanto\/#breadcrumb"},"inLanguage":"it-IT","potentialAction":[{"@type":"ReadAction","target":["https:\/\/blog.professionearchitetto.it\/federicograzzini\/2008\/01\/30\/eccomi-arrivo-ma-quanto\/"]}]},{"@type":"ImageObject","inLanguage":"it-IT","@id":"https:\/\/blog.professionearchitetto.it\/federicograzzini\/2008\/01\/30\/eccomi-arrivo-ma-quanto\/#primaryimage","url":"http:\/\/blog.professionearchitetto.it\/wp-content\/uploads\/smileys\/fiore.gif","contentUrl":"http:\/\/blog.professionearchitetto.it\/wp-content\/uploads\/smileys\/fiore.gif"},{"@type":"BreadcrumbList","@id":"https:\/\/blog.professionearchitetto.it\/federicograzzini\/2008\/01\/30\/eccomi-arrivo-ma-quanto\/#breadcrumb","itemListElement":[{"@type":"ListItem","position":1,"name":"Home","item":"https:\/\/blog.professionearchitetto.it\/federicograzzini\/"},{"@type":"ListItem","position":2,"name":"Eccomi, arrivo. Ma quanto"}]},{"@type":"WebSite","@id":"https:\/\/blog.professionearchitetto.it\/federicograzzini\/#website","url":"https:\/\/blog.professionearchitetto.it\/federicograzzini\/","name":"Federico the constant relocator","description":"i blog di professionearchitetto","potentialAction":[{"@type":"SearchAction","target":{"@type":"EntryPoint","urlTemplate":"https:\/\/blog.professionearchitetto.it\/federicograzzini\/?s={search_term_string}"},"query-input":{"@type":"PropertyValueSpecification","valueRequired":true,"valueName":"search_term_string"}}],"inLanguage":"it-IT"},{"@type":"Person","@id":"https:\/\/blog.professionearchitetto.it\/federicograzzini\/#\/schema\/person\/04e33a390ae8ae02bacfa8dd5946f716","name":"federico grazzini","image":{"@type":"ImageObject","inLanguage":"it-IT","@id":"https:\/\/blog.professionearchitetto.it\/federicograzzini\/#\/schema\/person\/image\/","url":"https:\/\/secure.gravatar.com\/avatar\/cde20af2c296a1f833a301c28f886bce?s=96&d=mm&r=g","contentUrl":"https:\/\/secure.gravatar.com\/avatar\/cde20af2c296a1f833a301c28f886bce?s=96&d=mm&r=g","caption":"federico grazzini"},"url":"https:\/\/blog.professionearchitetto.it\/federicograzzini\/author\/federico-grazzini\/"}]}},"_links":{"self":[{"href":"https:\/\/blog.professionearchitetto.it\/federicograzzini\/wp-json\/wp\/v2\/posts\/37","targetHints":{"allow":["GET"]}}],"collection":[{"href":"https:\/\/blog.professionearchitetto.it\/federicograzzini\/wp-json\/wp\/v2\/posts"}],"about":[{"href":"https:\/\/blog.professionearchitetto.it\/federicograzzini\/wp-json\/wp\/v2\/types\/post"}],"author":[{"embeddable":true,"href":"https:\/\/blog.professionearchitetto.it\/federicograzzini\/wp-json\/wp\/v2\/users\/15"}],"replies":[{"embeddable":true,"href":"https:\/\/blog.professionearchitetto.it\/federicograzzini\/wp-json\/wp\/v2\/comments?post=37"}],"version-history":[{"count":0,"href":"https:\/\/blog.professionearchitetto.it\/federicograzzini\/wp-json\/wp\/v2\/posts\/37\/revisions"}],"wp:attachment":[{"href":"https:\/\/blog.professionearchitetto.it\/federicograzzini\/wp-json\/wp\/v2\/media?parent=37"}],"wp:term":[{"taxonomy":"category","embeddable":true,"href":"https:\/\/blog.professionearchitetto.it\/federicograzzini\/wp-json\/wp\/v2\/categories?post=37"},{"taxonomy":"post_tag","embeddable":true,"href":"https:\/\/blog.professionearchitetto.it\/federicograzzini\/wp-json\/wp\/v2\/tags?post=37"}],"curies":[{"name":"wp","href":"https:\/\/api.w.org\/{rel}","templated":true}]}}