{"id":28,"date":"2005-12-07T00:00:00","date_gmt":"2005-12-07T00:00:00","guid":{"rendered":"http:\/\/blog.professionearchitetto.it\/giordanaquerceto\/2005\/12\/07\/MODA-ANNI-80-AIUTATEMI\/"},"modified":"2005-12-07T00:00:00","modified_gmt":"2005-12-07T00:00:00","slug":"moda-anni-80-aiutatemi","status":"publish","type":"post","link":"https:\/\/blog.professionearchitetto.it\/giordanaquerceto\/2005\/12\/07\/moda-anni-80-aiutatemi\/","title":{"rendered":"MODA ANNI 80 AIUTATEMI!!!"},"content":{"rendered":"<p><font color=\"blue\" size=\"4\">MODA ANNI 80 help!!!<\/font><\/p>\n<p>La cena di Natale di Vodafone, non quella ufficiale di tutto l&#8217;edificio, bens\u00ec quella del nostro dipartimento, sar\u00e0 il giorno 15, compleanno del mio amore, che purtroppo vedr\u00f2 solo il giorno dopo. e data in cui c&#8217;\u00e8 la mostra di scultura all&#8217;accademia d&#8217;arte.<\/p>\n<p>adesso il problema \u00e8:<\/p>\n<p>il tema della cena = GLI ANNI 80.<\/p>\n<p>dobbiamo portare una foto nostra anni 80 e vestirci secondo la moda degli anni 80. <\/p>\n<p>allora, partiamo dal presupposto che per indole caratteriale non ho mai seguito le mode, mi sono sempre vestita abbastanza bene e proprio negli anni 80 quando l&#8217;et\u00e0 permetteva tutto, ho fatto sfoggio di un vestuario molto eccentrico. adesso per\u00f2 (in questo momento indosso una camicia azzurra maschile, un pantalone e un panciotto marroni moooolto eleganti, una cravatta di perle) mi hanno presa alla sprovvista, se rimane qualche cimelo di quei tempi sta a Napoli, e non so proprio cosa fare e a che look pensare. mi aiutate?? Tra l&#8217;altro minigonne n\u00ec hablar, il fisico ha fatto il suo corso durante gli anni&#8230;e gi\u00e0 non mi chiede pi\u00f9 cosette corte e attillate&#8230;<\/p>\n<p><font color=\"red\" size=\"4\">si accettano ben volentieri consigli!!<\/font><\/p>\n","protected":false},"excerpt":{"rendered":"<p>MODA ANNI 80 help!!! La cena di Natale di Vodafone, non quella ufficiale di tutto l&#8217;edificio, <a href=\"https:\/\/blog.professionearchitetto.it\/giordanaquerceto\/2005\/12\/07\/moda-anni-80-aiutatemi\/\">[continua]<\/a><\/p>\n","protected":false},"author":9,"featured_media":0,"comment_status":"open","ping_status":"open","sticky":false,"template":"","format":"standard","meta":{"footnotes":""},"categories":[1],"tags":[],"class_list":["post-28","post","type-post","status-publish","format-standard","hentry","category-senza-categoria"],"yoast_head":"<!-- This site is optimized with the Yoast SEO plugin v24.7 - https:\/\/yoast.com\/wordpress\/plugins\/seo\/ -->\n<title>MODA ANNI 80 AIUTATEMI!!! - Giordana, next stop: Hamburg<\/title>\n<meta name=\"robots\" content=\"index, follow, max-snippet:-1, max-image-preview:large, max-video-preview:-1\" \/>\n<link rel=\"canonical\" href=\"https:\/\/blog.professionearchitetto.it\/giordanaquerceto\/2005\/12\/07\/moda-anni-80-aiutatemi\/\" \/>\n<meta name=\"twitter:label1\" content=\"Scritto da\" \/>\n\t<meta name=\"twitter:data1\" content=\"giordana querceto\" \/>\n\t<meta name=\"twitter:label2\" content=\"Tempo di lettura stimato\" \/>\n\t<meta name=\"twitter:data2\" content=\"1 minuto\" \/>\n<script type=\"application\/ld+json\" class=\"yoast-schema-graph\">{\"@context\":\"https:\/\/schema.org\",\"@graph\":[{\"@type\":\"WebPage\",\"@id\":\"https:\/\/blog.professionearchitetto.it\/giordanaquerceto\/2005\/12\/07\/moda-anni-80-aiutatemi\/\",\"url\":\"https:\/\/blog.professionearchitetto.it\/giordanaquerceto\/2005\/12\/07\/moda-anni-80-aiutatemi\/\",\"name\":\"MODA ANNI 80 AIUTATEMI!!! - Giordana, next stop: Hamburg\",\"isPartOf\":{\"@id\":\"https:\/\/blog.professionearchitetto.it\/giordanaquerceto\/#website\"},\"datePublished\":\"2005-12-07T00:00:00+00:00\",\"author\":{\"@id\":\"https:\/\/blog.professionearchitetto.it\/giordanaquerceto\/#\/schema\/person\/cb6939d8e4e71e17933f603c870f8493\"},\"breadcrumb\":{\"@id\":\"https:\/\/blog.professionearchitetto.it\/giordanaquerceto\/2005\/12\/07\/moda-anni-80-aiutatemi\/#breadcrumb\"},\"inLanguage\":\"it-IT\",\"potentialAction\":[{\"@type\":\"ReadAction\",\"target\":[\"https:\/\/blog.professionearchitetto.it\/giordanaquerceto\/2005\/12\/07\/moda-anni-80-aiutatemi\/\"]}]},{\"@type\":\"BreadcrumbList\",\"@id\":\"https:\/\/blog.professionearchitetto.it\/giordanaquerceto\/2005\/12\/07\/moda-anni-80-aiutatemi\/#breadcrumb\",\"itemListElement\":[{\"@type\":\"ListItem\",\"position\":1,\"name\":\"Home\",\"item\":\"https:\/\/blog.professionearchitetto.it\/giordanaquerceto\/\"},{\"@type\":\"ListItem\",\"position\":2,\"name\":\"MODA ANNI 80 AIUTATEMI!!!\"}]},{\"@type\":\"WebSite\",\"@id\":\"https:\/\/blog.professionearchitetto.it\/giordanaquerceto\/#website\",\"url\":\"https:\/\/blog.professionearchitetto.it\/giordanaquerceto\/\",\"name\":\"Giordana, next stop: Hamburg\",\"description\":\"i blog di professionearchitetto\",\"potentialAction\":[{\"@type\":\"SearchAction\",\"target\":{\"@type\":\"EntryPoint\",\"urlTemplate\":\"https:\/\/blog.professionearchitetto.it\/giordanaquerceto\/?s={search_term_string}\"},\"query-input\":{\"@type\":\"PropertyValueSpecification\",\"valueRequired\":true,\"valueName\":\"search_term_string\"}}],\"inLanguage\":\"it-IT\"},{\"@type\":\"Person\",\"@id\":\"https:\/\/blog.professionearchitetto.it\/giordanaquerceto\/#\/schema\/person\/cb6939d8e4e71e17933f603c870f8493\",\"name\":\"giordana querceto\",\"image\":{\"@type\":\"ImageObject\",\"inLanguage\":\"it-IT\",\"@id\":\"https:\/\/blog.professionearchitetto.it\/giordanaquerceto\/#\/schema\/person\/image\/\",\"url\":\"https:\/\/secure.gravatar.com\/avatar\/68ec2d79fc4da5052e0a4a02ebefe70f?s=96&d=mm&r=g\",\"contentUrl\":\"https:\/\/secure.gravatar.com\/avatar\/68ec2d79fc4da5052e0a4a02ebefe70f?s=96&d=mm&r=g\",\"caption\":\"giordana querceto\"},\"url\":\"https:\/\/blog.professionearchitetto.it\/giordanaquerceto\/author\/giordana-querceto\/\"}]}<\/script>\n<!-- \/ Yoast SEO plugin. -->","yoast_head_json":{"title":"MODA ANNI 80 AIUTATEMI!!! - Giordana, next stop: Hamburg","robots":{"index":"index","follow":"follow","max-snippet":"max-snippet:-1","max-image-preview":"max-image-preview:large","max-video-preview":"max-video-preview:-1"},"canonical":"https:\/\/blog.professionearchitetto.it\/giordanaquerceto\/2005\/12\/07\/moda-anni-80-aiutatemi\/","twitter_misc":{"Scritto da":"giordana querceto","Tempo di lettura stimato":"1 minuto"},"schema":{"@context":"https:\/\/schema.org","@graph":[{"@type":"WebPage","@id":"https:\/\/blog.professionearchitetto.it\/giordanaquerceto\/2005\/12\/07\/moda-anni-80-aiutatemi\/","url":"https:\/\/blog.professionearchitetto.it\/giordanaquerceto\/2005\/12\/07\/moda-anni-80-aiutatemi\/","name":"MODA ANNI 80 AIUTATEMI!!! - Giordana, next stop: Hamburg","isPartOf":{"@id":"https:\/\/blog.professionearchitetto.it\/giordanaquerceto\/#website"},"datePublished":"2005-12-07T00:00:00+00:00","author":{"@id":"https:\/\/blog.professionearchitetto.it\/giordanaquerceto\/#\/schema\/person\/cb6939d8e4e71e17933f603c870f8493"},"breadcrumb":{"@id":"https:\/\/blog.professionearchitetto.it\/giordanaquerceto\/2005\/12\/07\/moda-anni-80-aiutatemi\/#breadcrumb"},"inLanguage":"it-IT","potentialAction":[{"@type":"ReadAction","target":["https:\/\/blog.professionearchitetto.it\/giordanaquerceto\/2005\/12\/07\/moda-anni-80-aiutatemi\/"]}]},{"@type":"BreadcrumbList","@id":"https:\/\/blog.professionearchitetto.it\/giordanaquerceto\/2005\/12\/07\/moda-anni-80-aiutatemi\/#breadcrumb","itemListElement":[{"@type":"ListItem","position":1,"name":"Home","item":"https:\/\/blog.professionearchitetto.it\/giordanaquerceto\/"},{"@type":"ListItem","position":2,"name":"MODA ANNI 80 AIUTATEMI!!!"}]},{"@type":"WebSite","@id":"https:\/\/blog.professionearchitetto.it\/giordanaquerceto\/#website","url":"https:\/\/blog.professionearchitetto.it\/giordanaquerceto\/","name":"Giordana, next stop: Hamburg","description":"i blog di professionearchitetto","potentialAction":[{"@type":"SearchAction","target":{"@type":"EntryPoint","urlTemplate":"https:\/\/blog.professionearchitetto.it\/giordanaquerceto\/?s={search_term_string}"},"query-input":{"@type":"PropertyValueSpecification","valueRequired":true,"valueName":"search_term_string"}}],"inLanguage":"it-IT"},{"@type":"Person","@id":"https:\/\/blog.professionearchitetto.it\/giordanaquerceto\/#\/schema\/person\/cb6939d8e4e71e17933f603c870f8493","name":"giordana querceto","image":{"@type":"ImageObject","inLanguage":"it-IT","@id":"https:\/\/blog.professionearchitetto.it\/giordanaquerceto\/#\/schema\/person\/image\/","url":"https:\/\/secure.gravatar.com\/avatar\/68ec2d79fc4da5052e0a4a02ebefe70f?s=96&d=mm&r=g","contentUrl":"https:\/\/secure.gravatar.com\/avatar\/68ec2d79fc4da5052e0a4a02ebefe70f?s=96&d=mm&r=g","caption":"giordana querceto"},"url":"https:\/\/blog.professionearchitetto.it\/giordanaquerceto\/author\/giordana-querceto\/"}]}},"_links":{"self":[{"href":"https:\/\/blog.professionearchitetto.it\/giordanaquerceto\/wp-json\/wp\/v2\/posts\/28","targetHints":{"allow":["GET"]}}],"collection":[{"href":"https:\/\/blog.professionearchitetto.it\/giordanaquerceto\/wp-json\/wp\/v2\/posts"}],"about":[{"href":"https:\/\/blog.professionearchitetto.it\/giordanaquerceto\/wp-json\/wp\/v2\/types\/post"}],"author":[{"embeddable":true,"href":"https:\/\/blog.professionearchitetto.it\/giordanaquerceto\/wp-json\/wp\/v2\/users\/9"}],"replies":[{"embeddable":true,"href":"https:\/\/blog.professionearchitetto.it\/giordanaquerceto\/wp-json\/wp\/v2\/comments?post=28"}],"version-history":[{"count":0,"href":"https:\/\/blog.professionearchitetto.it\/giordanaquerceto\/wp-json\/wp\/v2\/posts\/28\/revisions"}],"wp:attachment":[{"href":"https:\/\/blog.professionearchitetto.it\/giordanaquerceto\/wp-json\/wp\/v2\/media?parent=28"}],"wp:term":[{"taxonomy":"category","embeddable":true,"href":"https:\/\/blog.professionearchitetto.it\/giordanaquerceto\/wp-json\/wp\/v2\/categories?post=28"},{"taxonomy":"post_tag","embeddable":true,"href":"https:\/\/blog.professionearchitetto.it\/giordanaquerceto\/wp-json\/wp\/v2\/tags?post=28"}],"curies":[{"name":"wp","href":"https:\/\/api.w.org\/{rel}","templated":true}]}}