{"id":324,"date":"2007-12-08T00:00:00","date_gmt":"2007-12-08T00:00:00","guid":{"rendered":"http:\/\/blog.professionearchitetto.it\/giordanaquerceto\/2007\/12\/08\/un-8-dicembre-diverso\/"},"modified":"2007-12-08T00:00:00","modified_gmt":"2007-12-08T00:00:00","slug":"un-8-dicembre-diverso","status":"publish","type":"post","link":"https:\/\/blog.professionearchitetto.it\/giordanaquerceto\/2007\/12\/08\/un-8-dicembre-diverso\/","title":{"rendered":"un 8 dicembre diverso"},"content":{"rendered":"<p> <img loading=\"lazy\" decoding=\"async\" src=\"http:\/\/blog.professionearchitetto.it\/wp-content\/uploads\/diario\/200409081\/Image\/rafting.jpg\" border=\"0\" width=\"450\" height=\"272\" \/> <\/p>\n<p> un 8 dicembre diverso dal solito. \u00e8 il campanellino d&#8217;allarme, quando mi sento sola, mi riempio le giornate, per non essere triste, spesso l&#8217;esperimento riesce. Oggi il rafting \u00e8 stato effettivamente Fun! <\/p>\n<p> Oggi \u00e8 l&#8217;onomastico della mia migliore amica, sms con il cell thai, ma non \u00e8 lo stesso. Sono anni che non le d\u00f2 due baci, x farle gli auguri all&#8217;immacolata. Abbiamo vite cos\u00ec diverse eppure ci vogliamo cos\u00ec bene&#8230;. <\/p>\n<p> Anyway&#8230;tra 1 settimana esatta, il 15 dicembre, mi raggiunge Francesca. Ci siamo conosciute l&#8217;estate scorsa. C&#8217;\u00e8 stato un gran feeling, scambio di emozioni, segreti, abbracci, di quell&#8217; inesauribile fonte di disinfettante femminile per le ferite sentimentali. Drammaticit\u00e0 partenopea, chiamiamola cos\u00ec, in ogni modo ci siamo legate subito. suo \u00e8 il regalo delle fantastiche magliette architecTour, che ampiamente abbiamo fotografato la notte della festa d&#8217;addio, prima della mia partenza. (vedi blog 22 settembre 2007) <\/p>\n<p> Ebbene si, quella Francesca di tante mail primaverili, quella Francesca emozionata per il suo primo viaggio da sola a BCN, quella stessa testa nera piena di riccioli, ha raccolto il mio invito come si raccolgono i fiori appena sbocciati a primavera e adesso viene a farsi mezzo mondo con me&#8230; INDONESIA-AUSTRALIA-NUOVA ZELANDA E POLINESIA. dopo la Miss se ne va negli USA, e poi torna a casa, mi lascia alla vigilia della mitica entrata in sud America, dove uno splendido ragazzo, mi raggiunger\u00e0.. userei volentieri un aggettivo possessivo, invece di un aggettivo estetico&#8230;ma mi contengo, le grandi notizie si danno in ben altri modi!! <\/p>\n<p> Francesca, cara la mia Francesca. Quando \u00e8 andata via da casa mia ad agosto, scrisse sul libro degli amici\/ospiti, &#8220;grazie per avermi fatto sentire come un lenzuolo bianco che svolazza al sole, in una domenica di primavera&#8230;..&#8221; <\/p>\n<p> e io piansi&#8230;senza sapere perch\u00e8 l&#8217;avevo fatta sentire cos\u00ec&#8230; <\/p>\n<p> gli sguardi di Francesca sono veri e penetrano, cos\u00ec come i suoi sottili e impercettibili movimenti delle labbra, quando vuole esprimere un&#8217;emozione e si sta contenendo&#8230; <\/p>\n<p> Fra&#8230;quanto ti penso in questi gg&#8230;..speriamo questo viaggio ci unisca di pi\u00f9. <\/p>\n<p> bhe finiamola qui, perch\u00e8 tra i commenti di mia madre, e il post di oggi..mi sa che ce ne andiamo dalla home page&#8230;.again. <\/p>\n","protected":false},"excerpt":{"rendered":"<p>un 8 dicembre diverso dal solito. \u00e8 il campanellino d&#8217;allarme, quando mi sento sola, mi riempio <a href=\"https:\/\/blog.professionearchitetto.it\/giordanaquerceto\/2007\/12\/08\/un-8-dicembre-diverso\/\">[continua]<\/a><\/p>\n","protected":false},"author":9,"featured_media":1997,"comment_status":"open","ping_status":"open","sticky":false,"template":"","format":"standard","meta":{"footnotes":""},"categories":[1],"tags":[],"class_list":["post-324","post","type-post","status-publish","format-standard","has-post-thumbnail","hentry","category-senza-categoria"],"yoast_head":"<!-- This site is optimized with the Yoast SEO plugin v24.7 - https:\/\/yoast.com\/wordpress\/plugins\/seo\/ -->\n<title>un 8 dicembre diverso - Giordana, next stop: Hamburg<\/title>\n<meta name=\"robots\" content=\"index, follow, max-snippet:-1, max-image-preview:large, max-video-preview:-1\" \/>\n<link rel=\"canonical\" href=\"https:\/\/blog.professionearchitetto.it\/giordanaquerceto\/2007\/12\/08\/un-8-dicembre-diverso\/\" \/>\n<meta name=\"twitter:label1\" content=\"Scritto da\" \/>\n\t<meta name=\"twitter:data1\" content=\"giordana querceto\" \/>\n\t<meta name=\"twitter:label2\" content=\"Tempo di lettura stimato\" \/>\n\t<meta name=\"twitter:data2\" content=\"2 minuti\" \/>\n<script type=\"application\/ld+json\" class=\"yoast-schema-graph\">{\"@context\":\"https:\/\/schema.org\",\"@graph\":[{\"@type\":\"WebPage\",\"@id\":\"https:\/\/blog.professionearchitetto.it\/giordanaquerceto\/2007\/12\/08\/un-8-dicembre-diverso\/\",\"url\":\"https:\/\/blog.professionearchitetto.it\/giordanaquerceto\/2007\/12\/08\/un-8-dicembre-diverso\/\",\"name\":\"un 8 dicembre diverso - Giordana, next stop: Hamburg\",\"isPartOf\":{\"@id\":\"https:\/\/blog.professionearchitetto.it\/giordanaquerceto\/#website\"},\"primaryImageOfPage\":{\"@id\":\"https:\/\/blog.professionearchitetto.it\/giordanaquerceto\/2007\/12\/08\/un-8-dicembre-diverso\/#primaryimage\"},\"image\":{\"@id\":\"https:\/\/blog.professionearchitetto.it\/giordanaquerceto\/2007\/12\/08\/un-8-dicembre-diverso\/#primaryimage\"},\"thumbnailUrl\":\"\",\"datePublished\":\"2007-12-08T00:00:00+00:00\",\"author\":{\"@id\":\"https:\/\/blog.professionearchitetto.it\/giordanaquerceto\/#\/schema\/person\/cb6939d8e4e71e17933f603c870f8493\"},\"breadcrumb\":{\"@id\":\"https:\/\/blog.professionearchitetto.it\/giordanaquerceto\/2007\/12\/08\/un-8-dicembre-diverso\/#breadcrumb\"},\"inLanguage\":\"it-IT\",\"potentialAction\":[{\"@type\":\"ReadAction\",\"target\":[\"https:\/\/blog.professionearchitetto.it\/giordanaquerceto\/2007\/12\/08\/un-8-dicembre-diverso\/\"]}]},{\"@type\":\"ImageObject\",\"inLanguage\":\"it-IT\",\"@id\":\"https:\/\/blog.professionearchitetto.it\/giordanaquerceto\/2007\/12\/08\/un-8-dicembre-diverso\/#primaryimage\",\"url\":\"\",\"contentUrl\":\"\",\"width\":\"450\",\"height\":\"272\"},{\"@type\":\"BreadcrumbList\",\"@id\":\"https:\/\/blog.professionearchitetto.it\/giordanaquerceto\/2007\/12\/08\/un-8-dicembre-diverso\/#breadcrumb\",\"itemListElement\":[{\"@type\":\"ListItem\",\"position\":1,\"name\":\"Home\",\"item\":\"https:\/\/blog.professionearchitetto.it\/giordanaquerceto\/\"},{\"@type\":\"ListItem\",\"position\":2,\"name\":\"un 8 dicembre diverso\"}]},{\"@type\":\"WebSite\",\"@id\":\"https:\/\/blog.professionearchitetto.it\/giordanaquerceto\/#website\",\"url\":\"https:\/\/blog.professionearchitetto.it\/giordanaquerceto\/\",\"name\":\"Giordana, next stop: Hamburg\",\"description\":\"i blog di professionearchitetto\",\"potentialAction\":[{\"@type\":\"SearchAction\",\"target\":{\"@type\":\"EntryPoint\",\"urlTemplate\":\"https:\/\/blog.professionearchitetto.it\/giordanaquerceto\/?s={search_term_string}\"},\"query-input\":{\"@type\":\"PropertyValueSpecification\",\"valueRequired\":true,\"valueName\":\"search_term_string\"}}],\"inLanguage\":\"it-IT\"},{\"@type\":\"Person\",\"@id\":\"https:\/\/blog.professionearchitetto.it\/giordanaquerceto\/#\/schema\/person\/cb6939d8e4e71e17933f603c870f8493\",\"name\":\"giordana querceto\",\"image\":{\"@type\":\"ImageObject\",\"inLanguage\":\"it-IT\",\"@id\":\"https:\/\/blog.professionearchitetto.it\/giordanaquerceto\/#\/schema\/person\/image\/\",\"url\":\"https:\/\/secure.gravatar.com\/avatar\/68ec2d79fc4da5052e0a4a02ebefe70f?s=96&d=mm&r=g\",\"contentUrl\":\"https:\/\/secure.gravatar.com\/avatar\/68ec2d79fc4da5052e0a4a02ebefe70f?s=96&d=mm&r=g\",\"caption\":\"giordana querceto\"},\"url\":\"https:\/\/blog.professionearchitetto.it\/giordanaquerceto\/author\/giordana-querceto\/\"}]}<\/script>\n<!-- \/ Yoast SEO plugin. -->","yoast_head_json":{"title":"un 8 dicembre diverso - Giordana, next stop: Hamburg","robots":{"index":"index","follow":"follow","max-snippet":"max-snippet:-1","max-image-preview":"max-image-preview:large","max-video-preview":"max-video-preview:-1"},"canonical":"https:\/\/blog.professionearchitetto.it\/giordanaquerceto\/2007\/12\/08\/un-8-dicembre-diverso\/","twitter_misc":{"Scritto da":"giordana querceto","Tempo di lettura stimato":"2 minuti"},"schema":{"@context":"https:\/\/schema.org","@graph":[{"@type":"WebPage","@id":"https:\/\/blog.professionearchitetto.it\/giordanaquerceto\/2007\/12\/08\/un-8-dicembre-diverso\/","url":"https:\/\/blog.professionearchitetto.it\/giordanaquerceto\/2007\/12\/08\/un-8-dicembre-diverso\/","name":"un 8 dicembre diverso - Giordana, next stop: Hamburg","isPartOf":{"@id":"https:\/\/blog.professionearchitetto.it\/giordanaquerceto\/#website"},"primaryImageOfPage":{"@id":"https:\/\/blog.professionearchitetto.it\/giordanaquerceto\/2007\/12\/08\/un-8-dicembre-diverso\/#primaryimage"},"image":{"@id":"https:\/\/blog.professionearchitetto.it\/giordanaquerceto\/2007\/12\/08\/un-8-dicembre-diverso\/#primaryimage"},"thumbnailUrl":"","datePublished":"2007-12-08T00:00:00+00:00","author":{"@id":"https:\/\/blog.professionearchitetto.it\/giordanaquerceto\/#\/schema\/person\/cb6939d8e4e71e17933f603c870f8493"},"breadcrumb":{"@id":"https:\/\/blog.professionearchitetto.it\/giordanaquerceto\/2007\/12\/08\/un-8-dicembre-diverso\/#breadcrumb"},"inLanguage":"it-IT","potentialAction":[{"@type":"ReadAction","target":["https:\/\/blog.professionearchitetto.it\/giordanaquerceto\/2007\/12\/08\/un-8-dicembre-diverso\/"]}]},{"@type":"ImageObject","inLanguage":"it-IT","@id":"https:\/\/blog.professionearchitetto.it\/giordanaquerceto\/2007\/12\/08\/un-8-dicembre-diverso\/#primaryimage","url":"","contentUrl":"","width":"450","height":"272"},{"@type":"BreadcrumbList","@id":"https:\/\/blog.professionearchitetto.it\/giordanaquerceto\/2007\/12\/08\/un-8-dicembre-diverso\/#breadcrumb","itemListElement":[{"@type":"ListItem","position":1,"name":"Home","item":"https:\/\/blog.professionearchitetto.it\/giordanaquerceto\/"},{"@type":"ListItem","position":2,"name":"un 8 dicembre diverso"}]},{"@type":"WebSite","@id":"https:\/\/blog.professionearchitetto.it\/giordanaquerceto\/#website","url":"https:\/\/blog.professionearchitetto.it\/giordanaquerceto\/","name":"Giordana, next stop: Hamburg","description":"i blog di professionearchitetto","potentialAction":[{"@type":"SearchAction","target":{"@type":"EntryPoint","urlTemplate":"https:\/\/blog.professionearchitetto.it\/giordanaquerceto\/?s={search_term_string}"},"query-input":{"@type":"PropertyValueSpecification","valueRequired":true,"valueName":"search_term_string"}}],"inLanguage":"it-IT"},{"@type":"Person","@id":"https:\/\/blog.professionearchitetto.it\/giordanaquerceto\/#\/schema\/person\/cb6939d8e4e71e17933f603c870f8493","name":"giordana querceto","image":{"@type":"ImageObject","inLanguage":"it-IT","@id":"https:\/\/blog.professionearchitetto.it\/giordanaquerceto\/#\/schema\/person\/image\/","url":"https:\/\/secure.gravatar.com\/avatar\/68ec2d79fc4da5052e0a4a02ebefe70f?s=96&d=mm&r=g","contentUrl":"https:\/\/secure.gravatar.com\/avatar\/68ec2d79fc4da5052e0a4a02ebefe70f?s=96&d=mm&r=g","caption":"giordana querceto"},"url":"https:\/\/blog.professionearchitetto.it\/giordanaquerceto\/author\/giordana-querceto\/"}]}},"_links":{"self":[{"href":"https:\/\/blog.professionearchitetto.it\/giordanaquerceto\/wp-json\/wp\/v2\/posts\/324","targetHints":{"allow":["GET"]}}],"collection":[{"href":"https:\/\/blog.professionearchitetto.it\/giordanaquerceto\/wp-json\/wp\/v2\/posts"}],"about":[{"href":"https:\/\/blog.professionearchitetto.it\/giordanaquerceto\/wp-json\/wp\/v2\/types\/post"}],"author":[{"embeddable":true,"href":"https:\/\/blog.professionearchitetto.it\/giordanaquerceto\/wp-json\/wp\/v2\/users\/9"}],"replies":[{"embeddable":true,"href":"https:\/\/blog.professionearchitetto.it\/giordanaquerceto\/wp-json\/wp\/v2\/comments?post=324"}],"version-history":[{"count":0,"href":"https:\/\/blog.professionearchitetto.it\/giordanaquerceto\/wp-json\/wp\/v2\/posts\/324\/revisions"}],"wp:featuredmedia":[{"embeddable":true,"href":"https:\/\/blog.professionearchitetto.it\/giordanaquerceto\/wp-json\/wp\/v2\/media\/1997"}],"wp:attachment":[{"href":"https:\/\/blog.professionearchitetto.it\/giordanaquerceto\/wp-json\/wp\/v2\/media?parent=324"}],"wp:term":[{"taxonomy":"category","embeddable":true,"href":"https:\/\/blog.professionearchitetto.it\/giordanaquerceto\/wp-json\/wp\/v2\/categories?post=324"},{"taxonomy":"post_tag","embeddable":true,"href":"https:\/\/blog.professionearchitetto.it\/giordanaquerceto\/wp-json\/wp\/v2\/tags?post=324"}],"curies":[{"name":"wp","href":"https:\/\/api.w.org\/{rel}","templated":true}]}}