{"id":574,"date":"2008-07-16T00:00:00","date_gmt":"2008-07-16T00:00:00","guid":{"rendered":"http:\/\/blog.professionearchitetto.it\/giordanaquerceto\/2008\/07\/16\/IL-PIANO-B-Un\/"},"modified":"2008-07-16T00:00:00","modified_gmt":"2008-07-16T00:00:00","slug":"il-piano-b-un","status":"publish","type":"post","link":"https:\/\/blog.professionearchitetto.it\/giordanaquerceto\/2008\/07\/16\/il-piano-b-un\/","title":{"rendered":"IL PIANO B Un"},"content":{"rendered":"<p><strong><span style=\"font-size: large;color: #800080\">IL PIANO B<\/span><\/strong><\/p>\n<p><img decoding=\"async\" src=\"http:\/\/getfantasticdeals.com\/library\/klimt-signoraconventaglio.jpg\" border=\"0\" \/><\/p>\n<p>Un famoso medico dell\u00a1universit\u00e0 La Sapienza di Roma, una volta disse che sacco a pelo e zaino in spalla, rappresentano il migliore degli antidepressivi.<\/p>\n<p>Se si \u00e8 depressi chiaro.<\/p>\n<p>Se non si \u00e8 depressi io aggiungo che un viaggio round the world, ti fa relativizzare il concetto del tempo, unica risorsa che inseguiamo nel ventesimo secolo. E credetemi quando il concetto del tempo, perde il podio, si vive molto meglio. Le mie frette, le mie accelerazioni, le mie premure, non sono scomparse e quell&#8217;impellenza, quella foga che da sempre mi caratterizzano, continuano a farmi compagnia. Ma hanno cambiato look, sono diventate brave, flessibili, pi\u00f9 ordinate.<\/p>\n<p>Durante il viaggio ho imparato ad avere sempre IL PIANO B.<\/p>\n<p>Se per caso non c&#8217;era un autobus per la localit\u00e0 scelta, mi organizzavo sempre una m\u00e8ta alternativa, a volte un percorso improvvisato. Se pensavo di incontrare qualcuno, prendevo appuntamenti in orari strategici, in modo da vedere anche qualcun&#8217;altro, prima o dopo. Nello zaino c&#8217;erano sempre dolcezze per attacchi di fame zuccherosi e frutta per assecondare i buoni propositi dieteci. Un ventaglio colorato di possibilit\u00e0 rappresentato da pensieri che si svelano nella mente con entusiasmo e pretendono la loro curiosa realizzazione, in tempi non lunghissimi. Vivere la vita momento per momento, assaporandone il succo, goccia a goccia.<\/p>\n<p>Al ritorno, attraverso una serie di giri europei, ho continuato ad avere il piano B esattamente come un asso nella manica, facendo anche tesoro della legge di Murphy, se qualcosa pu\u00f2 andar storto, lo far\u00e0. E della famosa frase di John Lennon &#8221; la vita \u00e8 quello che ci succede, mentre noi siamo impegnati nel fare altri piani.&#8221;<\/p>\n<p>Sfoderare il piano B, rappresenta non essere mai scontenti, avere sempre una possibilit\u00e0 in pi\u00f9 che ti aiuter\u00e0 in quello che ti stai proponendo.<\/p>\n<p>La mia vita in questo momento ha un piano preciso, lavorare, scrivere i miei libri, e probabilmente chieder\u00f2 ai Re Magi, che con l&#8217;anno nuovo mi portino un biglietto di sola andata per Hamburg. Il piano B \u00e8 costituito da Dubai. Sarebbe una svolta, una possibilit\u00e0 andare a lavorare l\u00ec gi\u00f9 nelle desertiche terra arabiche, e nel mio ventaglio di scelte, queste terre hanno colori forti, che richiamano i tramonti color arancio, le sabbie beige, i turbanti color vino e il verde degli smeraldi.<\/p>\n<p>Vedremo.<\/p>\n<p>Non mi sorprenderei, se qualcuno lass\u00f9 decidesse per me, nella direzione di un piano C a me sconosciuto.<\/p>\n<p>Ma sono preparata a anche a quello.<\/p>\n<p>Statevi bene e fatevi un piano B.<\/p><\/p>\n","protected":false},"excerpt":{"rendered":"<p>IL PIANO B Un famoso medico dell\u00a1universit\u00e0 La Sapienza di Roma, una volta disse che sacco <a href=\"https:\/\/blog.professionearchitetto.it\/giordanaquerceto\/2008\/07\/16\/il-piano-b-un\/\">[continua]<\/a><\/p>\n","protected":false},"author":9,"featured_media":0,"comment_status":"open","ping_status":"open","sticky":false,"template":"","format":"standard","meta":{"footnotes":""},"categories":[1],"tags":[],"class_list":["post-574","post","type-post","status-publish","format-standard","hentry","category-senza-categoria"],"yoast_head":"<!-- This site is optimized with the Yoast SEO plugin v24.7 - https:\/\/yoast.com\/wordpress\/plugins\/seo\/ -->\n<title>IL PIANO B Un - Giordana, next stop: Hamburg<\/title>\n<meta name=\"robots\" content=\"index, follow, max-snippet:-1, max-image-preview:large, max-video-preview:-1\" \/>\n<link rel=\"canonical\" href=\"https:\/\/blog.professionearchitetto.it\/giordanaquerceto\/2008\/07\/16\/il-piano-b-un\/\" \/>\n<meta name=\"twitter:label1\" content=\"Scritto da\" \/>\n\t<meta name=\"twitter:data1\" content=\"giordana querceto\" \/>\n\t<meta name=\"twitter:label2\" content=\"Tempo di lettura stimato\" \/>\n\t<meta name=\"twitter:data2\" content=\"2 minuti\" \/>\n<script type=\"application\/ld+json\" class=\"yoast-schema-graph\">{\"@context\":\"https:\/\/schema.org\",\"@graph\":[{\"@type\":\"WebPage\",\"@id\":\"https:\/\/blog.professionearchitetto.it\/giordanaquerceto\/2008\/07\/16\/il-piano-b-un\/\",\"url\":\"https:\/\/blog.professionearchitetto.it\/giordanaquerceto\/2008\/07\/16\/il-piano-b-un\/\",\"name\":\"IL PIANO B Un - Giordana, next stop: Hamburg\",\"isPartOf\":{\"@id\":\"https:\/\/blog.professionearchitetto.it\/giordanaquerceto\/#website\"},\"primaryImageOfPage\":{\"@id\":\"https:\/\/blog.professionearchitetto.it\/giordanaquerceto\/2008\/07\/16\/il-piano-b-un\/#primaryimage\"},\"image\":{\"@id\":\"https:\/\/blog.professionearchitetto.it\/giordanaquerceto\/2008\/07\/16\/il-piano-b-un\/#primaryimage\"},\"thumbnailUrl\":\"http:\/\/getfantasticdeals.com\/library\/klimt-signoraconventaglio.jpg\",\"datePublished\":\"2008-07-16T00:00:00+00:00\",\"author\":{\"@id\":\"https:\/\/blog.professionearchitetto.it\/giordanaquerceto\/#\/schema\/person\/cb6939d8e4e71e17933f603c870f8493\"},\"breadcrumb\":{\"@id\":\"https:\/\/blog.professionearchitetto.it\/giordanaquerceto\/2008\/07\/16\/il-piano-b-un\/#breadcrumb\"},\"inLanguage\":\"it-IT\",\"potentialAction\":[{\"@type\":\"ReadAction\",\"target\":[\"https:\/\/blog.professionearchitetto.it\/giordanaquerceto\/2008\/07\/16\/il-piano-b-un\/\"]}]},{\"@type\":\"ImageObject\",\"inLanguage\":\"it-IT\",\"@id\":\"https:\/\/blog.professionearchitetto.it\/giordanaquerceto\/2008\/07\/16\/il-piano-b-un\/#primaryimage\",\"url\":\"http:\/\/getfantasticdeals.com\/library\/klimt-signoraconventaglio.jpg\",\"contentUrl\":\"http:\/\/getfantasticdeals.com\/library\/klimt-signoraconventaglio.jpg\"},{\"@type\":\"BreadcrumbList\",\"@id\":\"https:\/\/blog.professionearchitetto.it\/giordanaquerceto\/2008\/07\/16\/il-piano-b-un\/#breadcrumb\",\"itemListElement\":[{\"@type\":\"ListItem\",\"position\":1,\"name\":\"Home\",\"item\":\"https:\/\/blog.professionearchitetto.it\/giordanaquerceto\/\"},{\"@type\":\"ListItem\",\"position\":2,\"name\":\"IL PIANO B Un\"}]},{\"@type\":\"WebSite\",\"@id\":\"https:\/\/blog.professionearchitetto.it\/giordanaquerceto\/#website\",\"url\":\"https:\/\/blog.professionearchitetto.it\/giordanaquerceto\/\",\"name\":\"Giordana, next stop: Hamburg\",\"description\":\"i blog di professionearchitetto\",\"potentialAction\":[{\"@type\":\"SearchAction\",\"target\":{\"@type\":\"EntryPoint\",\"urlTemplate\":\"https:\/\/blog.professionearchitetto.it\/giordanaquerceto\/?s={search_term_string}\"},\"query-input\":{\"@type\":\"PropertyValueSpecification\",\"valueRequired\":true,\"valueName\":\"search_term_string\"}}],\"inLanguage\":\"it-IT\"},{\"@type\":\"Person\",\"@id\":\"https:\/\/blog.professionearchitetto.it\/giordanaquerceto\/#\/schema\/person\/cb6939d8e4e71e17933f603c870f8493\",\"name\":\"giordana querceto\",\"image\":{\"@type\":\"ImageObject\",\"inLanguage\":\"it-IT\",\"@id\":\"https:\/\/blog.professionearchitetto.it\/giordanaquerceto\/#\/schema\/person\/image\/\",\"url\":\"https:\/\/secure.gravatar.com\/avatar\/68ec2d79fc4da5052e0a4a02ebefe70f?s=96&d=mm&r=g\",\"contentUrl\":\"https:\/\/secure.gravatar.com\/avatar\/68ec2d79fc4da5052e0a4a02ebefe70f?s=96&d=mm&r=g\",\"caption\":\"giordana querceto\"},\"url\":\"https:\/\/blog.professionearchitetto.it\/giordanaquerceto\/author\/giordana-querceto\/\"}]}<\/script>\n<!-- \/ Yoast SEO plugin. -->","yoast_head_json":{"title":"IL PIANO B Un - Giordana, next stop: Hamburg","robots":{"index":"index","follow":"follow","max-snippet":"max-snippet:-1","max-image-preview":"max-image-preview:large","max-video-preview":"max-video-preview:-1"},"canonical":"https:\/\/blog.professionearchitetto.it\/giordanaquerceto\/2008\/07\/16\/il-piano-b-un\/","twitter_misc":{"Scritto da":"giordana querceto","Tempo di lettura stimato":"2 minuti"},"schema":{"@context":"https:\/\/schema.org","@graph":[{"@type":"WebPage","@id":"https:\/\/blog.professionearchitetto.it\/giordanaquerceto\/2008\/07\/16\/il-piano-b-un\/","url":"https:\/\/blog.professionearchitetto.it\/giordanaquerceto\/2008\/07\/16\/il-piano-b-un\/","name":"IL PIANO B Un - Giordana, next stop: Hamburg","isPartOf":{"@id":"https:\/\/blog.professionearchitetto.it\/giordanaquerceto\/#website"},"primaryImageOfPage":{"@id":"https:\/\/blog.professionearchitetto.it\/giordanaquerceto\/2008\/07\/16\/il-piano-b-un\/#primaryimage"},"image":{"@id":"https:\/\/blog.professionearchitetto.it\/giordanaquerceto\/2008\/07\/16\/il-piano-b-un\/#primaryimage"},"thumbnailUrl":"http:\/\/getfantasticdeals.com\/library\/klimt-signoraconventaglio.jpg","datePublished":"2008-07-16T00:00:00+00:00","author":{"@id":"https:\/\/blog.professionearchitetto.it\/giordanaquerceto\/#\/schema\/person\/cb6939d8e4e71e17933f603c870f8493"},"breadcrumb":{"@id":"https:\/\/blog.professionearchitetto.it\/giordanaquerceto\/2008\/07\/16\/il-piano-b-un\/#breadcrumb"},"inLanguage":"it-IT","potentialAction":[{"@type":"ReadAction","target":["https:\/\/blog.professionearchitetto.it\/giordanaquerceto\/2008\/07\/16\/il-piano-b-un\/"]}]},{"@type":"ImageObject","inLanguage":"it-IT","@id":"https:\/\/blog.professionearchitetto.it\/giordanaquerceto\/2008\/07\/16\/il-piano-b-un\/#primaryimage","url":"http:\/\/getfantasticdeals.com\/library\/klimt-signoraconventaglio.jpg","contentUrl":"http:\/\/getfantasticdeals.com\/library\/klimt-signoraconventaglio.jpg"},{"@type":"BreadcrumbList","@id":"https:\/\/blog.professionearchitetto.it\/giordanaquerceto\/2008\/07\/16\/il-piano-b-un\/#breadcrumb","itemListElement":[{"@type":"ListItem","position":1,"name":"Home","item":"https:\/\/blog.professionearchitetto.it\/giordanaquerceto\/"},{"@type":"ListItem","position":2,"name":"IL PIANO B Un"}]},{"@type":"WebSite","@id":"https:\/\/blog.professionearchitetto.it\/giordanaquerceto\/#website","url":"https:\/\/blog.professionearchitetto.it\/giordanaquerceto\/","name":"Giordana, next stop: Hamburg","description":"i blog di professionearchitetto","potentialAction":[{"@type":"SearchAction","target":{"@type":"EntryPoint","urlTemplate":"https:\/\/blog.professionearchitetto.it\/giordanaquerceto\/?s={search_term_string}"},"query-input":{"@type":"PropertyValueSpecification","valueRequired":true,"valueName":"search_term_string"}}],"inLanguage":"it-IT"},{"@type":"Person","@id":"https:\/\/blog.professionearchitetto.it\/giordanaquerceto\/#\/schema\/person\/cb6939d8e4e71e17933f603c870f8493","name":"giordana querceto","image":{"@type":"ImageObject","inLanguage":"it-IT","@id":"https:\/\/blog.professionearchitetto.it\/giordanaquerceto\/#\/schema\/person\/image\/","url":"https:\/\/secure.gravatar.com\/avatar\/68ec2d79fc4da5052e0a4a02ebefe70f?s=96&d=mm&r=g","contentUrl":"https:\/\/secure.gravatar.com\/avatar\/68ec2d79fc4da5052e0a4a02ebefe70f?s=96&d=mm&r=g","caption":"giordana querceto"},"url":"https:\/\/blog.professionearchitetto.it\/giordanaquerceto\/author\/giordana-querceto\/"}]}},"_links":{"self":[{"href":"https:\/\/blog.professionearchitetto.it\/giordanaquerceto\/wp-json\/wp\/v2\/posts\/574","targetHints":{"allow":["GET"]}}],"collection":[{"href":"https:\/\/blog.professionearchitetto.it\/giordanaquerceto\/wp-json\/wp\/v2\/posts"}],"about":[{"href":"https:\/\/blog.professionearchitetto.it\/giordanaquerceto\/wp-json\/wp\/v2\/types\/post"}],"author":[{"embeddable":true,"href":"https:\/\/blog.professionearchitetto.it\/giordanaquerceto\/wp-json\/wp\/v2\/users\/9"}],"replies":[{"embeddable":true,"href":"https:\/\/blog.professionearchitetto.it\/giordanaquerceto\/wp-json\/wp\/v2\/comments?post=574"}],"version-history":[{"count":0,"href":"https:\/\/blog.professionearchitetto.it\/giordanaquerceto\/wp-json\/wp\/v2\/posts\/574\/revisions"}],"wp:attachment":[{"href":"https:\/\/blog.professionearchitetto.it\/giordanaquerceto\/wp-json\/wp\/v2\/media?parent=574"}],"wp:term":[{"taxonomy":"category","embeddable":true,"href":"https:\/\/blog.professionearchitetto.it\/giordanaquerceto\/wp-json\/wp\/v2\/categories?post=574"},{"taxonomy":"post_tag","embeddable":true,"href":"https:\/\/blog.professionearchitetto.it\/giordanaquerceto\/wp-json\/wp\/v2\/tags?post=574"}],"curies":[{"name":"wp","href":"https:\/\/api.w.org\/{rel}","templated":true}]}}