{"id":586,"date":"2008-06-24T00:00:00","date_gmt":"2008-06-24T00:00:00","guid":{"rendered":"http:\/\/blog.professionearchitetto.it\/giordanaquerceto\/2008\/06\/24\/IL-NAPOLETANO-HA-LE\/"},"modified":"2008-06-24T00:00:00","modified_gmt":"2008-06-24T00:00:00","slug":"il-napoletano-ha-le","status":"publish","type":"post","link":"https:\/\/blog.professionearchitetto.it\/giordanaquerceto\/2008\/06\/24\/il-napoletano-ha-le\/","title":{"rendered":"IL NAPOLETANO HA LE"},"content":{"rendered":"<p>CORSO ACCELLERATO DI NAPOLETANO<\/p>\n<p>mi \u00e8 arrivata questa mail da Torino, credo sia geniale.<\/p>\n<p>la dedico a tutti i napoletani<\/p>\n<\/p>\n<p>IL NAPOLETANO HA LE SUE REGOLE GRAMMATICALI FISSE<\/p>\n<\/p>\n<p>KE SE VANNO APPLICATE<\/p>\n<\/p>\n<p>SI PUO&#8217; TRANQUILLAMENTE PARLARE IL NAPOLETANO!!! Prima di tutto in napoletano ci sono delle parole ke vanno assolutamente ripetute 2 volte altrimenti non si riesce a dare il giusto senso alla frase! Per esempio:<\/p>\n<\/p>\n<p>LENTAMENTE: KIAN KIAN ADAGIO,<\/p>\n<\/p>\n<p>ke \u00e8 molto simile, : CUONC CUONC COMPLETAMENTE: SAN SAN<\/p>\n<\/p>\n<p>METICOLOSAMENTE: PIL PIL<\/p>\n<\/p>\n<p>DISTESO: LUONG LUONG<\/p>\n<\/p>\n<p>..ke se uno sta disteso rigidamente diventa TISC TISC!!!<\/p>\n<p>Ma difficolt\u00e0 maggiori si hanno con: ALL&#8217;ULTIMO MOMENTO: NGANN NGANN<\/p>\n<\/p>\n<p>e DI NASCOSTO: AUM AUM<\/p>\n<\/p>\n<p>Poi ci sono gli &#8216; avverbi di tempo &#8216; : ADESSO: MO&#8217;<\/p>\n<\/p>\n<p>&#8230;.. IN QST MOMENTO: MO&#8217; MO&#8217; basta ripeterlo due volte!<\/p>\n<\/p>\n<p>Ma la stessa regola vale anke per il &#8216; passato &#8216; :<\/p>\n<\/p>\n<p>ALLORA: TANN<\/p>\n<\/p>\n<p>IN QUEL MOMENTO: TANN TANN<\/p>\n<\/p>\n<p>Poi ci sono le iniziali di parole le parole inizianti per &#8216; p &#8216; diventano &#8216; ch &#8216;: PIOVE: CHIOV<\/p>\n<\/p>\n<p>PIANGERE: CHIAGNR<\/p>\n<\/p>\n<p>PIOMBO: CHIUMM<\/p>\n<\/p>\n<p>Mentre le parole inizianti per &#8216; g &#8216; perdono la g iniziale nun s s\u00e0 c fin f\u00e0, GIORNO: IUORN<\/p>\n<\/p>\n<p>LA GATTA: A&#8217; IATT<\/p>\n<\/p>\n<p>GENERO: O&#8217; IENNR<\/p>\n<\/p>\n<p>Ma credetemi la difficolt\u00e0 maggiore la si trova con le parole inizianti per &#8216; s &#8216; ke in napoletano prendono la &#8216; n &#8216; apostrofata!!! SPORCO: N&#8217; ZVAT<\/p>\n<\/p>\n<p>SPOSATO: N&#8217;ZURAT<\/p>\n<\/p>\n<p>SOPRA: N&#8217;GOPP<\/p>\n<\/p>\n<p>SUGNA: N&#8217;ZOGN<\/p>\n<\/p>\n<p>Poi il bello del napoletano \u00e8 il &#8216; VERBO ECCERE &#8216; un verbo unico al mondo ke si coniuga proprio a seconda se una persona sta vicina o lontana a seconda se \u00e8 singolare o plurale, all&#8217;indicativo presente il verbo ECCERE f\u00e0 : OICCAN, OILLOC, OILLAN al plurale: EBBICCAN, EBBIGLIOC, EBBILLANN.<\/p>\n<\/p>\n<p>Poi il napoletano ha una capacit\u00e0 di sintesi eccezzionale a volte con massimo due parole si riescono a concretizzare concetti che in italiano sono lunghissimi!<\/p>\n<p>La lettera &#8216; e &#8216; da sola significa DEVI: L&#8217;E I\u00e0 FRN\u00ec = LA DEVI SMETTERE<\/p>\n<\/p>\n<p>La lettera &#8216; i &#8216; da sola significa ANDARE: C N VULIMM \u00ec = CE NE VOGLIAMO ANDARE<\/p>\n<\/p>\n<p>Oppue per esempio &#8216; scoprire frequentazioni comuni dopo un lungo periodo di tempo&#8217; = ASC\u00ec\u00ec\u00ec A&#8217; PARIENT!!!<\/p>\n<\/p>\n<p>Oppure cercare di convincere una persona a fare una qualke cosa ke altrimenti non avrebbe mai fatto: A&#8217; BABBI\u00e0\u00e0\u00e0!<\/p>\n<\/p>\n<p>Meccanismo congegno elettronico mal funzionante: KIUOV<\/p>\n<\/p>\n<p>Parlare apertamente di una persona di cui non si vuole dire esplicitamente il nome: L&#8217;AMICO FRIZZ!!!<\/p>\n<\/p>\n<p>Ma chiudo definitivamente con quella ke per me \u00e8 stata la difficolt\u00e0 maggiore,gli aggettivi possessivi MIO, TUO, SUO in napoletano si mette soltanto l&#8217;iniziale alla fine della parola stessa:<\/p>\n<\/p>\n<p>MIO PADRE: PATM TUO PADRE: PATT<\/p>\n<\/p>\n<p>Ma dovete fare molta attenzione xk\u00e8 &#8216; suo padre &#8216; non \u00e8 PATS, ma: O&#8217; PAT E KILL!!!\u00e8 irregolare!!! <\/p>\n<blockquote>\n<blockquote>\n<blockquote>\n<blockquote>\n<blockquote>\n<blockquote>\n<blockquote>\n<blockquote>\n<blockquote>\n<blockquote>\n<blockquote>\n<blockquote>\n<blockquote>\n<blockquote>\n<blockquote>\n<div>\n<p style=\"color: #f79646;text-align: left\">\n<\/p><\/div>\n<\/blockquote>\n<\/blockquote>\n<\/blockquote>\n<\/blockquote>\n<\/blockquote>\n<\/blockquote>\n<\/blockquote>\n<\/blockquote>\n<\/blockquote>\n<\/blockquote>\n<\/blockquote>\n<\/blockquote>\n<\/blockquote>\n<\/blockquote>\n<\/blockquote>\n","protected":false},"excerpt":{"rendered":"<p>IL NAPOLETANO HA LE SUE REGOLE GRAMMATICALI FISSE KE SE VANNO APPLICATE SI PUO&#8217; TRANQUILLAMENTE PARLARE <a href=\"https:\/\/blog.professionearchitetto.it\/giordanaquerceto\/2008\/06\/24\/il-napoletano-ha-le\/\">[continua]<\/a><\/p>\n","protected":false},"author":9,"featured_media":0,"comment_status":"open","ping_status":"open","sticky":false,"template":"","format":"standard","meta":{"footnotes":""},"categories":[1],"tags":[],"class_list":["post-586","post","type-post","status-publish","format-standard","hentry","category-senza-categoria"],"yoast_head":"<!-- This site is optimized with the Yoast SEO plugin v24.7 - https:\/\/yoast.com\/wordpress\/plugins\/seo\/ -->\n<title>IL NAPOLETANO HA LE - Giordana, next stop: Hamburg<\/title>\n<meta name=\"robots\" content=\"index, follow, max-snippet:-1, max-image-preview:large, max-video-preview:-1\" \/>\n<link rel=\"canonical\" href=\"https:\/\/blog.professionearchitetto.it\/giordanaquerceto\/2008\/06\/24\/il-napoletano-ha-le\/\" \/>\n<meta name=\"twitter:label1\" content=\"Scritto da\" \/>\n\t<meta name=\"twitter:data1\" content=\"giordana querceto\" \/>\n\t<meta name=\"twitter:label2\" content=\"Tempo di lettura stimato\" \/>\n\t<meta name=\"twitter:data2\" content=\"2 minuti\" \/>\n<script type=\"application\/ld+json\" class=\"yoast-schema-graph\">{\"@context\":\"https:\/\/schema.org\",\"@graph\":[{\"@type\":\"WebPage\",\"@id\":\"https:\/\/blog.professionearchitetto.it\/giordanaquerceto\/2008\/06\/24\/il-napoletano-ha-le\/\",\"url\":\"https:\/\/blog.professionearchitetto.it\/giordanaquerceto\/2008\/06\/24\/il-napoletano-ha-le\/\",\"name\":\"IL NAPOLETANO HA LE - Giordana, next stop: Hamburg\",\"isPartOf\":{\"@id\":\"https:\/\/blog.professionearchitetto.it\/giordanaquerceto\/#website\"},\"datePublished\":\"2008-06-24T00:00:00+00:00\",\"author\":{\"@id\":\"https:\/\/blog.professionearchitetto.it\/giordanaquerceto\/#\/schema\/person\/cb6939d8e4e71e17933f603c870f8493\"},\"breadcrumb\":{\"@id\":\"https:\/\/blog.professionearchitetto.it\/giordanaquerceto\/2008\/06\/24\/il-napoletano-ha-le\/#breadcrumb\"},\"inLanguage\":\"it-IT\",\"potentialAction\":[{\"@type\":\"ReadAction\",\"target\":[\"https:\/\/blog.professionearchitetto.it\/giordanaquerceto\/2008\/06\/24\/il-napoletano-ha-le\/\"]}]},{\"@type\":\"BreadcrumbList\",\"@id\":\"https:\/\/blog.professionearchitetto.it\/giordanaquerceto\/2008\/06\/24\/il-napoletano-ha-le\/#breadcrumb\",\"itemListElement\":[{\"@type\":\"ListItem\",\"position\":1,\"name\":\"Home\",\"item\":\"https:\/\/blog.professionearchitetto.it\/giordanaquerceto\/\"},{\"@type\":\"ListItem\",\"position\":2,\"name\":\"IL NAPOLETANO HA LE\"}]},{\"@type\":\"WebSite\",\"@id\":\"https:\/\/blog.professionearchitetto.it\/giordanaquerceto\/#website\",\"url\":\"https:\/\/blog.professionearchitetto.it\/giordanaquerceto\/\",\"name\":\"Giordana, next stop: Hamburg\",\"description\":\"i blog di professionearchitetto\",\"potentialAction\":[{\"@type\":\"SearchAction\",\"target\":{\"@type\":\"EntryPoint\",\"urlTemplate\":\"https:\/\/blog.professionearchitetto.it\/giordanaquerceto\/?s={search_term_string}\"},\"query-input\":{\"@type\":\"PropertyValueSpecification\",\"valueRequired\":true,\"valueName\":\"search_term_string\"}}],\"inLanguage\":\"it-IT\"},{\"@type\":\"Person\",\"@id\":\"https:\/\/blog.professionearchitetto.it\/giordanaquerceto\/#\/schema\/person\/cb6939d8e4e71e17933f603c870f8493\",\"name\":\"giordana querceto\",\"image\":{\"@type\":\"ImageObject\",\"inLanguage\":\"it-IT\",\"@id\":\"https:\/\/blog.professionearchitetto.it\/giordanaquerceto\/#\/schema\/person\/image\/\",\"url\":\"https:\/\/secure.gravatar.com\/avatar\/68ec2d79fc4da5052e0a4a02ebefe70f?s=96&d=mm&r=g\",\"contentUrl\":\"https:\/\/secure.gravatar.com\/avatar\/68ec2d79fc4da5052e0a4a02ebefe70f?s=96&d=mm&r=g\",\"caption\":\"giordana querceto\"},\"url\":\"https:\/\/blog.professionearchitetto.it\/giordanaquerceto\/author\/giordana-querceto\/\"}]}<\/script>\n<!-- \/ Yoast SEO plugin. -->","yoast_head_json":{"title":"IL NAPOLETANO HA LE - Giordana, next stop: Hamburg","robots":{"index":"index","follow":"follow","max-snippet":"max-snippet:-1","max-image-preview":"max-image-preview:large","max-video-preview":"max-video-preview:-1"},"canonical":"https:\/\/blog.professionearchitetto.it\/giordanaquerceto\/2008\/06\/24\/il-napoletano-ha-le\/","twitter_misc":{"Scritto da":"giordana querceto","Tempo di lettura stimato":"2 minuti"},"schema":{"@context":"https:\/\/schema.org","@graph":[{"@type":"WebPage","@id":"https:\/\/blog.professionearchitetto.it\/giordanaquerceto\/2008\/06\/24\/il-napoletano-ha-le\/","url":"https:\/\/blog.professionearchitetto.it\/giordanaquerceto\/2008\/06\/24\/il-napoletano-ha-le\/","name":"IL NAPOLETANO HA LE - Giordana, next stop: Hamburg","isPartOf":{"@id":"https:\/\/blog.professionearchitetto.it\/giordanaquerceto\/#website"},"datePublished":"2008-06-24T00:00:00+00:00","author":{"@id":"https:\/\/blog.professionearchitetto.it\/giordanaquerceto\/#\/schema\/person\/cb6939d8e4e71e17933f603c870f8493"},"breadcrumb":{"@id":"https:\/\/blog.professionearchitetto.it\/giordanaquerceto\/2008\/06\/24\/il-napoletano-ha-le\/#breadcrumb"},"inLanguage":"it-IT","potentialAction":[{"@type":"ReadAction","target":["https:\/\/blog.professionearchitetto.it\/giordanaquerceto\/2008\/06\/24\/il-napoletano-ha-le\/"]}]},{"@type":"BreadcrumbList","@id":"https:\/\/blog.professionearchitetto.it\/giordanaquerceto\/2008\/06\/24\/il-napoletano-ha-le\/#breadcrumb","itemListElement":[{"@type":"ListItem","position":1,"name":"Home","item":"https:\/\/blog.professionearchitetto.it\/giordanaquerceto\/"},{"@type":"ListItem","position":2,"name":"IL NAPOLETANO HA LE"}]},{"@type":"WebSite","@id":"https:\/\/blog.professionearchitetto.it\/giordanaquerceto\/#website","url":"https:\/\/blog.professionearchitetto.it\/giordanaquerceto\/","name":"Giordana, next stop: Hamburg","description":"i blog di professionearchitetto","potentialAction":[{"@type":"SearchAction","target":{"@type":"EntryPoint","urlTemplate":"https:\/\/blog.professionearchitetto.it\/giordanaquerceto\/?s={search_term_string}"},"query-input":{"@type":"PropertyValueSpecification","valueRequired":true,"valueName":"search_term_string"}}],"inLanguage":"it-IT"},{"@type":"Person","@id":"https:\/\/blog.professionearchitetto.it\/giordanaquerceto\/#\/schema\/person\/cb6939d8e4e71e17933f603c870f8493","name":"giordana querceto","image":{"@type":"ImageObject","inLanguage":"it-IT","@id":"https:\/\/blog.professionearchitetto.it\/giordanaquerceto\/#\/schema\/person\/image\/","url":"https:\/\/secure.gravatar.com\/avatar\/68ec2d79fc4da5052e0a4a02ebefe70f?s=96&d=mm&r=g","contentUrl":"https:\/\/secure.gravatar.com\/avatar\/68ec2d79fc4da5052e0a4a02ebefe70f?s=96&d=mm&r=g","caption":"giordana querceto"},"url":"https:\/\/blog.professionearchitetto.it\/giordanaquerceto\/author\/giordana-querceto\/"}]}},"_links":{"self":[{"href":"https:\/\/blog.professionearchitetto.it\/giordanaquerceto\/wp-json\/wp\/v2\/posts\/586","targetHints":{"allow":["GET"]}}],"collection":[{"href":"https:\/\/blog.professionearchitetto.it\/giordanaquerceto\/wp-json\/wp\/v2\/posts"}],"about":[{"href":"https:\/\/blog.professionearchitetto.it\/giordanaquerceto\/wp-json\/wp\/v2\/types\/post"}],"author":[{"embeddable":true,"href":"https:\/\/blog.professionearchitetto.it\/giordanaquerceto\/wp-json\/wp\/v2\/users\/9"}],"replies":[{"embeddable":true,"href":"https:\/\/blog.professionearchitetto.it\/giordanaquerceto\/wp-json\/wp\/v2\/comments?post=586"}],"version-history":[{"count":0,"href":"https:\/\/blog.professionearchitetto.it\/giordanaquerceto\/wp-json\/wp\/v2\/posts\/586\/revisions"}],"wp:attachment":[{"href":"https:\/\/blog.professionearchitetto.it\/giordanaquerceto\/wp-json\/wp\/v2\/media?parent=586"}],"wp:term":[{"taxonomy":"category","embeddable":true,"href":"https:\/\/blog.professionearchitetto.it\/giordanaquerceto\/wp-json\/wp\/v2\/categories?post=586"},{"taxonomy":"post_tag","embeddable":true,"href":"https:\/\/blog.professionearchitetto.it\/giordanaquerceto\/wp-json\/wp\/v2\/tags?post=586"}],"curies":[{"name":"wp","href":"https:\/\/api.w.org\/{rel}","templated":true}]}}