{"id":95,"date":"2005-06-24T00:00:00","date_gmt":"2005-06-24T00:00:00","guid":{"rendered":"http:\/\/blog.professionearchitetto.it\/giordanaquerceto\/2005\/06\/24\/bon-diahoy-es-San\/"},"modified":"2005-06-24T00:00:00","modified_gmt":"2005-06-24T00:00:00","slug":"bon-diahoy-es-san","status":"publish","type":"post","link":"https:\/\/blog.professionearchitetto.it\/giordanaquerceto\/2005\/06\/24\/bon-diahoy-es-san\/","title":{"rendered":"bon dia!!!hoy es San"},"content":{"rendered":"<p><font color=\"red\">bon dia!!!hoy es San Juan!! questo significa che ieri si \u00e8 festeggiata la Verbena!!!Che \u00e8 la festa pi\u00f9 grande dell&#8217;anno qui a Barcellona. Fuochi d&#8217;artificio tutta la santa notte, e le spiagge si trasformano ogni volta in tappeti colorati di gente. Musica, botte e bottarelle, bimbi, madri,padri, ma soprattutto giovani, ma quanti!!\u00e8 stato bello anche se ieri contrariamente agli altri anni, alle 2.30 gi\u00e0 ero nel fodero. la stanchezza non lascia tregua.<\/font><\/p>\n<p><font color=\"blue\">Ieri sono andata alla Fnac di Plaza Catalu\u00f1a, a comprare una cartuccia per la stampante, e ne ho trovata una per la mia 1290 epson, con un cartoncino marrone&#8230;ho chiesto al ragazzo che lavorava nel reparto se avessero cambiato la scatolina, e mi dice che questo \u00e8 un tipo di tinta riciclato&#8230;.Oggi ho stampato e la qualit\u00e0 \u00e8 buona. lo sapevate che esistono cartucce di tinta riciclata?oppure \u00e8 qui che son arrivate tardi?<\/font><font color=\"orange\">per quanto riguarda il mio viaggio a New York, se c&#8217;\u00e8`qualcuno che vuole darmi delle dritte, o spiegarmi quanto distano Philadelfia, Boston&#8230;le cascate del Niagara, tutti i consigli sono ben accetti. <\/font><\/p>\n<p><font color=\"#0000ff\">mi rimetto al lavoro&#8230;un besito a todos<\/font><\/p>\n<p><font color=\"green\" size=\"4\">rispostine<\/font>:moma sei sicura che si chiamino Ava arquitectes? nel libro del collegio non ci sono. dammi qualche notizia in pi\u00f9 e indago.<\/p>\n<p>luca: barcellona \u00e8 la citt\u00e0 giusta per cominciare da 0. leggi i consigli x grazia che ho scritto qualche giorno fa. armati di coraggio y ven!!!<\/p>\n<p>moni: se non hai grandi interessi l\u00ec gi\u00f9 vieni, lavoro non manca.<\/p>\n","protected":false},"excerpt":{"rendered":"<p>bon dia!!!hoy es San Juan!! questo significa che ieri si \u00e8 festeggiata la Verbena!!!Che \u00e8 la <a href=\"https:\/\/blog.professionearchitetto.it\/giordanaquerceto\/2005\/06\/24\/bon-diahoy-es-san\/\">[continua]<\/a><\/p>\n","protected":false},"author":9,"featured_media":0,"comment_status":"open","ping_status":"open","sticky":false,"template":"","format":"standard","meta":{"footnotes":""},"categories":[1],"tags":[],"class_list":["post-95","post","type-post","status-publish","format-standard","hentry","category-senza-categoria"],"yoast_head":"<!-- This site is optimized with the Yoast SEO plugin v24.7 - https:\/\/yoast.com\/wordpress\/plugins\/seo\/ -->\n<title>bon dia!!!hoy es San - Giordana, next stop: Hamburg<\/title>\n<meta name=\"robots\" content=\"index, follow, max-snippet:-1, max-image-preview:large, max-video-preview:-1\" \/>\n<link rel=\"canonical\" href=\"https:\/\/blog.professionearchitetto.it\/giordanaquerceto\/2005\/06\/24\/bon-diahoy-es-san\/\" \/>\n<meta name=\"twitter:label1\" content=\"Scritto da\" \/>\n\t<meta name=\"twitter:data1\" content=\"giordana querceto\" \/>\n\t<meta name=\"twitter:label2\" content=\"Tempo di lettura stimato\" \/>\n\t<meta name=\"twitter:data2\" content=\"1 minuto\" \/>\n<script type=\"application\/ld+json\" class=\"yoast-schema-graph\">{\"@context\":\"https:\/\/schema.org\",\"@graph\":[{\"@type\":\"WebPage\",\"@id\":\"https:\/\/blog.professionearchitetto.it\/giordanaquerceto\/2005\/06\/24\/bon-diahoy-es-san\/\",\"url\":\"https:\/\/blog.professionearchitetto.it\/giordanaquerceto\/2005\/06\/24\/bon-diahoy-es-san\/\",\"name\":\"bon dia!!!hoy es San - Giordana, next stop: Hamburg\",\"isPartOf\":{\"@id\":\"https:\/\/blog.professionearchitetto.it\/giordanaquerceto\/#website\"},\"datePublished\":\"2005-06-24T00:00:00+00:00\",\"author\":{\"@id\":\"https:\/\/blog.professionearchitetto.it\/giordanaquerceto\/#\/schema\/person\/cb6939d8e4e71e17933f603c870f8493\"},\"breadcrumb\":{\"@id\":\"https:\/\/blog.professionearchitetto.it\/giordanaquerceto\/2005\/06\/24\/bon-diahoy-es-san\/#breadcrumb\"},\"inLanguage\":\"it-IT\",\"potentialAction\":[{\"@type\":\"ReadAction\",\"target\":[\"https:\/\/blog.professionearchitetto.it\/giordanaquerceto\/2005\/06\/24\/bon-diahoy-es-san\/\"]}]},{\"@type\":\"BreadcrumbList\",\"@id\":\"https:\/\/blog.professionearchitetto.it\/giordanaquerceto\/2005\/06\/24\/bon-diahoy-es-san\/#breadcrumb\",\"itemListElement\":[{\"@type\":\"ListItem\",\"position\":1,\"name\":\"Home\",\"item\":\"https:\/\/blog.professionearchitetto.it\/giordanaquerceto\/\"},{\"@type\":\"ListItem\",\"position\":2,\"name\":\"bon dia!!!hoy es San\"}]},{\"@type\":\"WebSite\",\"@id\":\"https:\/\/blog.professionearchitetto.it\/giordanaquerceto\/#website\",\"url\":\"https:\/\/blog.professionearchitetto.it\/giordanaquerceto\/\",\"name\":\"Giordana, next stop: Hamburg\",\"description\":\"i blog di professionearchitetto\",\"potentialAction\":[{\"@type\":\"SearchAction\",\"target\":{\"@type\":\"EntryPoint\",\"urlTemplate\":\"https:\/\/blog.professionearchitetto.it\/giordanaquerceto\/?s={search_term_string}\"},\"query-input\":{\"@type\":\"PropertyValueSpecification\",\"valueRequired\":true,\"valueName\":\"search_term_string\"}}],\"inLanguage\":\"it-IT\"},{\"@type\":\"Person\",\"@id\":\"https:\/\/blog.professionearchitetto.it\/giordanaquerceto\/#\/schema\/person\/cb6939d8e4e71e17933f603c870f8493\",\"name\":\"giordana querceto\",\"image\":{\"@type\":\"ImageObject\",\"inLanguage\":\"it-IT\",\"@id\":\"https:\/\/blog.professionearchitetto.it\/giordanaquerceto\/#\/schema\/person\/image\/\",\"url\":\"https:\/\/secure.gravatar.com\/avatar\/68ec2d79fc4da5052e0a4a02ebefe70f?s=96&d=mm&r=g\",\"contentUrl\":\"https:\/\/secure.gravatar.com\/avatar\/68ec2d79fc4da5052e0a4a02ebefe70f?s=96&d=mm&r=g\",\"caption\":\"giordana querceto\"},\"url\":\"https:\/\/blog.professionearchitetto.it\/giordanaquerceto\/author\/giordana-querceto\/\"}]}<\/script>\n<!-- \/ Yoast SEO plugin. -->","yoast_head_json":{"title":"bon dia!!!hoy es San - Giordana, next stop: Hamburg","robots":{"index":"index","follow":"follow","max-snippet":"max-snippet:-1","max-image-preview":"max-image-preview:large","max-video-preview":"max-video-preview:-1"},"canonical":"https:\/\/blog.professionearchitetto.it\/giordanaquerceto\/2005\/06\/24\/bon-diahoy-es-san\/","twitter_misc":{"Scritto da":"giordana querceto","Tempo di lettura stimato":"1 minuto"},"schema":{"@context":"https:\/\/schema.org","@graph":[{"@type":"WebPage","@id":"https:\/\/blog.professionearchitetto.it\/giordanaquerceto\/2005\/06\/24\/bon-diahoy-es-san\/","url":"https:\/\/blog.professionearchitetto.it\/giordanaquerceto\/2005\/06\/24\/bon-diahoy-es-san\/","name":"bon dia!!!hoy es San - Giordana, next stop: Hamburg","isPartOf":{"@id":"https:\/\/blog.professionearchitetto.it\/giordanaquerceto\/#website"},"datePublished":"2005-06-24T00:00:00+00:00","author":{"@id":"https:\/\/blog.professionearchitetto.it\/giordanaquerceto\/#\/schema\/person\/cb6939d8e4e71e17933f603c870f8493"},"breadcrumb":{"@id":"https:\/\/blog.professionearchitetto.it\/giordanaquerceto\/2005\/06\/24\/bon-diahoy-es-san\/#breadcrumb"},"inLanguage":"it-IT","potentialAction":[{"@type":"ReadAction","target":["https:\/\/blog.professionearchitetto.it\/giordanaquerceto\/2005\/06\/24\/bon-diahoy-es-san\/"]}]},{"@type":"BreadcrumbList","@id":"https:\/\/blog.professionearchitetto.it\/giordanaquerceto\/2005\/06\/24\/bon-diahoy-es-san\/#breadcrumb","itemListElement":[{"@type":"ListItem","position":1,"name":"Home","item":"https:\/\/blog.professionearchitetto.it\/giordanaquerceto\/"},{"@type":"ListItem","position":2,"name":"bon dia!!!hoy es San"}]},{"@type":"WebSite","@id":"https:\/\/blog.professionearchitetto.it\/giordanaquerceto\/#website","url":"https:\/\/blog.professionearchitetto.it\/giordanaquerceto\/","name":"Giordana, next stop: Hamburg","description":"i blog di professionearchitetto","potentialAction":[{"@type":"SearchAction","target":{"@type":"EntryPoint","urlTemplate":"https:\/\/blog.professionearchitetto.it\/giordanaquerceto\/?s={search_term_string}"},"query-input":{"@type":"PropertyValueSpecification","valueRequired":true,"valueName":"search_term_string"}}],"inLanguage":"it-IT"},{"@type":"Person","@id":"https:\/\/blog.professionearchitetto.it\/giordanaquerceto\/#\/schema\/person\/cb6939d8e4e71e17933f603c870f8493","name":"giordana querceto","image":{"@type":"ImageObject","inLanguage":"it-IT","@id":"https:\/\/blog.professionearchitetto.it\/giordanaquerceto\/#\/schema\/person\/image\/","url":"https:\/\/secure.gravatar.com\/avatar\/68ec2d79fc4da5052e0a4a02ebefe70f?s=96&d=mm&r=g","contentUrl":"https:\/\/secure.gravatar.com\/avatar\/68ec2d79fc4da5052e0a4a02ebefe70f?s=96&d=mm&r=g","caption":"giordana querceto"},"url":"https:\/\/blog.professionearchitetto.it\/giordanaquerceto\/author\/giordana-querceto\/"}]}},"_links":{"self":[{"href":"https:\/\/blog.professionearchitetto.it\/giordanaquerceto\/wp-json\/wp\/v2\/posts\/95","targetHints":{"allow":["GET"]}}],"collection":[{"href":"https:\/\/blog.professionearchitetto.it\/giordanaquerceto\/wp-json\/wp\/v2\/posts"}],"about":[{"href":"https:\/\/blog.professionearchitetto.it\/giordanaquerceto\/wp-json\/wp\/v2\/types\/post"}],"author":[{"embeddable":true,"href":"https:\/\/blog.professionearchitetto.it\/giordanaquerceto\/wp-json\/wp\/v2\/users\/9"}],"replies":[{"embeddable":true,"href":"https:\/\/blog.professionearchitetto.it\/giordanaquerceto\/wp-json\/wp\/v2\/comments?post=95"}],"version-history":[{"count":0,"href":"https:\/\/blog.professionearchitetto.it\/giordanaquerceto\/wp-json\/wp\/v2\/posts\/95\/revisions"}],"wp:attachment":[{"href":"https:\/\/blog.professionearchitetto.it\/giordanaquerceto\/wp-json\/wp\/v2\/media?parent=95"}],"wp:term":[{"taxonomy":"category","embeddable":true,"href":"https:\/\/blog.professionearchitetto.it\/giordanaquerceto\/wp-json\/wp\/v2\/categories?post=95"},{"taxonomy":"post_tag","embeddable":true,"href":"https:\/\/blog.professionearchitetto.it\/giordanaquerceto\/wp-json\/wp\/v2\/tags?post=95"}],"curies":[{"name":"wp","href":"https:\/\/api.w.org\/{rel}","templated":true}]}}