{"id":32,"date":"2008-09-30T00:00:00","date_gmt":"2008-09-30T00:00:00","guid":{"rendered":"http:\/\/blog.professionearchitetto.it\/lavieenrose\/2008\/09\/30\/Allora-allora-alloracome\/"},"modified":"2008-09-30T00:00:00","modified_gmt":"2008-09-30T00:00:00","slug":"allora-allora-alloracome","status":"publish","type":"post","link":"https:\/\/blog.professionearchitetto.it\/lavieenrose\/2008\/09\/30\/allora-allora-alloracome\/","title":{"rendered":"Allora allora allora&#8230;come"},"content":{"rendered":"<p><span style=\"color: #993366\"> Allora allora allora&#8230;come promesso oggi scrivo!!!e rispondo alla bella domanda di Barbara :<\/span><\/p>\n<p><span style=\"color: #99cc00\"><strong>\u00ab che tipo di differenze hai trovato tra l&#8217;italia e la francia sia dal punto di vista lavorativo e non quando ti 6 trasferita? \u00bb<\/strong><\/span><\/p>\n<p><span style=\"color: #993366\">Tante tantissime differenze mia cara barbara, fermo restando che resto sempre in europa, e che poi non sono mica lontana fisicamente parlando&#8230;posso affermare con molta tranquillit\u00e0 che <strong>la francia non c&#8217;entra niente con l&#8217;italia da tutti i punti di vista !<\/strong><\/span><\/p>\n<p><span style=\"color: #993366\">Ma andiamo a soggetti, a me piace da morire scrivere a punti (non so se l&#8217;avete notato!), cosi&#8217; ci capisco meglio io&#8230;<\/span><\/p>\n<ul type=\"square\">\n<li><span style=\"color: #993366\"><strong>CIBO:<\/strong> (chiaramente parto da questo soggetto da buona romagnola quale sono&#8230;) io sono in bretagna dove c&#8217;\u00e9 una religione praticata comunemente <strong>la tartina al burro salato<\/strong>, qua la gente mette il <strong>burro<\/strong> ovunque, praticamente dove noi mettiamo l&#8217;olio d&#8217;oliva, loro mettono il burro salato&#8230;che , per carit\u00e0, \u00e9 buonissimo, ma diciamo che le calorie e il colesterolo ti salutano con la mano ogni volta che vai a cena fuori..per cui qua bisogna investire sugli anticellulite&#8230;ma questa \u00e9 un&#8217;altra triste storia..<\/span><\/li>\n<li><span style=\"color: #993366\"><strong>UMORE:<\/strong> decisamente cinico, qua usano fare le battute <strong>sulle bionde e sui belgi<\/strong> considerandoli un po&#8217; come i carabinieri da noi (per carit\u00e0 senza offendere nessuno..mi riferisco alle famose barzellette italiane sui carabinieri..voil\u00e0!)&#8230;all&#8217;inizio non capivo bene, ma si usa scherzare sulla demenza della gente in generale&#8230;Personalmente credo di aver capito di essermi veramente integrata in questa societ\u00e0 tanto diversa dalla mia, il giorno in cui, per la prima volta mi sono trovata a ridere su una battuta cinica francese&#8230;non che io sia diventata cinica, ma alla fine ti ci abbitui e finisci con il ridere.Ma non credo proprio che arrivero&#8217; fino a fare battute alla francese&#8230;<\/span><\/li>\n<li><span style=\"color: #993366\"><strong>VITA:<\/strong> bah!Complicato da descrivere questo soggetto..in generale qua hanno il culto della <strong>lamentela<\/strong>, ad ogni cambiamento o ingiustizia qua scioperano, vanno in piazza e si battono per cambiare le cose. Penso di aver letto un articolo che diceva che quello francese \u00e9 il popolo che lavora di meno (comunemente 35ore la settimana con 25 giorni di ferie pagate) e produce di piu&#8217;&#8230; bah non saprei dirvi sulla produzione, ma sulla quantit\u00e0 di lavoro, posso dire che se sei stipendiato in generale la gente si batte per lavorare le ore per le quali sono pagati e non di piu&#8217;!In piu&#8217; qua sono estremamente discreti su tutto, ancora mi sciocca, dopo 2anni e mezzo, salire la mattina alle 8h30 sui mezzi pubblici pieni ibbullonati di gente, e non sentire un mosca volare, perch\u00e9 qua <strong>non piace disturbare l&#8217;altro<\/strong>&#8230;tipo cerchiamo d&#8217;immaginare la stessa cosa in italia allo stesso orario&#8230;peggio che al mercato!!!Anche alla spiaggia, tutti sono alla ricerca della spiaggetta intima dove non c&#8217;\u00e9 nessuno da incontrare per stare &#8220;tranquilli&#8221; , mentre noi non ci facciamo proprio problemi ad andare a rimini in 1m\u00b2 di spiaggia con i nostri vi<\/span><span style=\"color: #993366\">cini che urlano i fatti loro nel cellulare.La mia non \u00e9 una critica al nostro popolo, perch\u00e9 molto stranamente a me manca il rumore dell&#8217;italia, \u00e9 che semplicemente, ero talmente abituata a gridare in generale che ma ne sono accorta soltanto qui che non poi cosi&#8217; tanto normale! <\/span><\/li>\n<li><span style=\"color: #993366\"><strong>LAVORO:<\/strong> Come dicevo, <strong>lavori al 99,99999% con contratti<\/strong> <strong>regolari<\/strong>, a dir il vero non so nemmeno se esiste quello 0,00001% di possibilit\u00e0 di lavorare in nero in uno studio come architetto&#8230;ma tutto \u00e9 possibile! Per cui qua devi pagare tasse alla fine dell&#8217;anno( e tutti le pagano e nessuno evade!!!E stra mal visto qualcuno che evade le tasse&#8230;pensa te!), piu&#8217; la tassa sull&#8217;abitazione che equivale a un affitto in piu&#8217; a dare allo stato piu&#8217; assicurazioni sulla salute che pero&#8217; ti permettono di essere rimborsato su tutto quello che concerne la tua salute: medicine, visite, analisi, lenti a contatto..ect. Ma veniamo al lavoro&#8230;che mi sto perdendo in fiumi d&#8217;informazioni probabilmente inutili&#8230;premettendo che io non ho mai lavorato ufficialmente come architetto in territorio italiano , e c&#8217;aggiungo pure per fortuna&#8230;, posso dire che la differenza nella pratica \u00e9 che per fare un permesso di costruire di una casa di un privato , per esempio, ci vogliono meno passaggi burocratici che in italia. Qui a Nantes dove sto io, \u00e9 ancora abbastanza accessibile costruire case contemporanee, devo dire che i comuni sono piuttosto di vedute larghe. Ho l&#8217;impressione che, siccome non ci sono esattamente le stesse realt\u00e0 storiche dell&#8217;italia , qua si fanno molte meno pippe per quanto riguarda una coerenza stilistica da mantenere, visto che non ce ne sono in maniera preponderante! <\/span><\/li>\n<\/ul>\n<p><span style=\"color: #993366\">Poi ce ne sarebbero da dire di cose..magari con il tempo riusciro&#8217; a scrivere tutto&#8230;<\/span><\/p>\n<p><span style=\"color: #993366\">Per quanto riguarda l&#8217;ultima domanda di barbara: <\/span><\/p>\n<p><span style=\"color: #99cc00\"><strong>&#8220;che differenza c&#8217;e&#8217; tra COLLABORATEUR\/COLLABORATRICE D&#8217;ARCHITECTE e ARCHITECTE(sito anpe) o meglio e&#8217; una divisione in base all&#8217;esperienza e agli anni di pratica che hai? \u00bb<\/strong><\/span><\/p>\n<p><span style=\"color: #993366\">Diciamo che chi scrive <strong>\u00ab collaboratrice d&#8217;architecture \u00bb<\/strong> cerca qualcuno in generale che segua l&#8217;achitetto chef e che si occupi sopprattutto di fare le piante e la parte grafica, e chi scrive <strong>\u00ab architecte \u00bb<\/strong> \u00e9 piuttosto alla ricerca di qualcuno d&#8217;indipendente che possa seguire tutte le fasi di un progetto dall&#8217;A alla Z ! Piu&#8217; o meno \u00e9 cosi&#8217;, sappi che questa \u00e9 la mia interpretazione, non esiste nessun documento scritto che indichi questa differenza, ma non credo di sbagliarmi di molto !!!<\/span><\/p>\n<p><span style=\"color: #993366\">Qua \u00e9 grigio grigio grigio&#8230;ma non fa particolarmente freddo !!<\/span><\/p>\n<p><span style=\"color: #993366\">Mi aspetta un week end bello intenso in giro per il sud della francia !!Incrociate le dita per me !!<\/span><\/p>\n<p><span style=\"color: #993366\">Ciao ciao<\/span><\/p><\/p>\n","protected":false},"excerpt":{"rendered":"<p>Allora allora allora&#8230;come promesso oggi scrivo!!!e rispondo alla bella domanda di Barbara : \u00ab che <a href=\"https:\/\/blog.professionearchitetto.it\/lavieenrose\/2008\/09\/30\/allora-allora-alloracome\/\">[continua]<\/a><\/p>\n","protected":false},"author":25,"featured_media":0,"comment_status":"open","ping_status":"open","sticky":false,"template":"","format":"standard","meta":{"footnotes":""},"categories":[1],"tags":[],"class_list":["post-32","post","type-post","status-publish","format-standard","hentry","category-senza-categoria"],"yoast_head":"<!-- This site is optimized with the Yoast SEO plugin v24.7 - https:\/\/yoast.com\/wordpress\/plugins\/seo\/ -->\n<title>Allora allora allora...come - La Vie En Rose. Una romagnola a Nantes<\/title>\n<meta name=\"robots\" content=\"index, follow, max-snippet:-1, max-image-preview:large, max-video-preview:-1\" \/>\n<link rel=\"canonical\" href=\"https:\/\/blog.professionearchitetto.it\/lavieenrose\/2008\/09\/30\/allora-allora-alloracome\/\" \/>\n<meta property=\"og:locale\" content=\"it_IT\" \/>\n<meta property=\"og:type\" content=\"article\" \/>\n<meta property=\"og:title\" content=\"Allora allora allora...come - La Vie En Rose. Una romagnola a Nantes\" \/>\n<meta property=\"og:description\" content=\"Allora allora allora...come promesso oggi scrivo!!!e rispondo alla bella domanda di Barbara : \u00ab che [continua]\" \/>\n<meta property=\"og:url\" content=\"https:\/\/blog.professionearchitetto.it\/lavieenrose\/2008\/09\/30\/allora-allora-alloracome\/\" \/>\n<meta property=\"og:site_name\" content=\"La Vie En Rose. Una romagnola a Nantes\" \/>\n<meta property=\"article:published_time\" content=\"2008-09-30T00:00:00+00:00\" \/>\n<meta name=\"author\" content=\"claudia savorelli\" \/>\n<meta name=\"twitter:label1\" content=\"Scritto da\" \/>\n\t<meta name=\"twitter:data1\" content=\"claudia savorelli\" \/>\n\t<meta name=\"twitter:label2\" content=\"Tempo di lettura stimato\" \/>\n\t<meta name=\"twitter:data2\" content=\"5 minuti\" \/>\n<script type=\"application\/ld+json\" class=\"yoast-schema-graph\">{\"@context\":\"https:\/\/schema.org\",\"@graph\":[{\"@type\":\"WebPage\",\"@id\":\"https:\/\/blog.professionearchitetto.it\/lavieenrose\/2008\/09\/30\/allora-allora-alloracome\/\",\"url\":\"https:\/\/blog.professionearchitetto.it\/lavieenrose\/2008\/09\/30\/allora-allora-alloracome\/\",\"name\":\"Allora allora allora...come - La Vie En Rose. Una romagnola a Nantes\",\"isPartOf\":{\"@id\":\"https:\/\/blog.professionearchitetto.it\/lavieenrose\/#website\"},\"datePublished\":\"2008-09-30T00:00:00+00:00\",\"author\":{\"@id\":\"https:\/\/blog.professionearchitetto.it\/lavieenrose\/#\/schema\/person\/29ddc6e147becfd44ee4610fd35a22c4\"},\"breadcrumb\":{\"@id\":\"https:\/\/blog.professionearchitetto.it\/lavieenrose\/2008\/09\/30\/allora-allora-alloracome\/#breadcrumb\"},\"inLanguage\":\"it-IT\",\"potentialAction\":[{\"@type\":\"ReadAction\",\"target\":[\"https:\/\/blog.professionearchitetto.it\/lavieenrose\/2008\/09\/30\/allora-allora-alloracome\/\"]}]},{\"@type\":\"BreadcrumbList\",\"@id\":\"https:\/\/blog.professionearchitetto.it\/lavieenrose\/2008\/09\/30\/allora-allora-alloracome\/#breadcrumb\",\"itemListElement\":[{\"@type\":\"ListItem\",\"position\":1,\"name\":\"Home\",\"item\":\"https:\/\/blog.professionearchitetto.it\/lavieenrose\/\"},{\"@type\":\"ListItem\",\"position\":2,\"name\":\"Allora allora allora&#8230;come\"}]},{\"@type\":\"WebSite\",\"@id\":\"https:\/\/blog.professionearchitetto.it\/lavieenrose\/#website\",\"url\":\"https:\/\/blog.professionearchitetto.it\/lavieenrose\/\",\"name\":\"La Vie En Rose. Una romagnola a Nantes\",\"description\":\"i blog di professionearchitetto\",\"potentialAction\":[{\"@type\":\"SearchAction\",\"target\":{\"@type\":\"EntryPoint\",\"urlTemplate\":\"https:\/\/blog.professionearchitetto.it\/lavieenrose\/?s={search_term_string}\"},\"query-input\":{\"@type\":\"PropertyValueSpecification\",\"valueRequired\":true,\"valueName\":\"search_term_string\"}}],\"inLanguage\":\"it-IT\"},{\"@type\":\"Person\",\"@id\":\"https:\/\/blog.professionearchitetto.it\/lavieenrose\/#\/schema\/person\/29ddc6e147becfd44ee4610fd35a22c4\",\"name\":\"claudia savorelli\",\"image\":{\"@type\":\"ImageObject\",\"inLanguage\":\"it-IT\",\"@id\":\"https:\/\/blog.professionearchitetto.it\/lavieenrose\/#\/schema\/person\/image\/\",\"url\":\"https:\/\/secure.gravatar.com\/avatar\/9eacb8ff02df8610fed442f20732078e?s=96&d=mm&r=g\",\"contentUrl\":\"https:\/\/secure.gravatar.com\/avatar\/9eacb8ff02df8610fed442f20732078e?s=96&d=mm&r=g\",\"caption\":\"claudia savorelli\"},\"url\":\"https:\/\/blog.professionearchitetto.it\/lavieenrose\/author\/claudia-savorelli\/\"}]}<\/script>\n<!-- \/ Yoast SEO plugin. -->","yoast_head_json":{"title":"Allora allora allora...come - La Vie En Rose. Una romagnola a Nantes","robots":{"index":"index","follow":"follow","max-snippet":"max-snippet:-1","max-image-preview":"max-image-preview:large","max-video-preview":"max-video-preview:-1"},"canonical":"https:\/\/blog.professionearchitetto.it\/lavieenrose\/2008\/09\/30\/allora-allora-alloracome\/","og_locale":"it_IT","og_type":"article","og_title":"Allora allora allora...come - La Vie En Rose. Una romagnola a Nantes","og_description":"Allora allora allora...come promesso oggi scrivo!!!e rispondo alla bella domanda di Barbara : \u00ab che [continua]","og_url":"https:\/\/blog.professionearchitetto.it\/lavieenrose\/2008\/09\/30\/allora-allora-alloracome\/","og_site_name":"La Vie En Rose. Una romagnola a Nantes","article_published_time":"2008-09-30T00:00:00+00:00","author":"claudia savorelli","twitter_misc":{"Scritto da":"claudia savorelli","Tempo di lettura stimato":"5 minuti"},"schema":{"@context":"https:\/\/schema.org","@graph":[{"@type":"WebPage","@id":"https:\/\/blog.professionearchitetto.it\/lavieenrose\/2008\/09\/30\/allora-allora-alloracome\/","url":"https:\/\/blog.professionearchitetto.it\/lavieenrose\/2008\/09\/30\/allora-allora-alloracome\/","name":"Allora allora allora...come - La Vie En Rose. Una romagnola a Nantes","isPartOf":{"@id":"https:\/\/blog.professionearchitetto.it\/lavieenrose\/#website"},"datePublished":"2008-09-30T00:00:00+00:00","author":{"@id":"https:\/\/blog.professionearchitetto.it\/lavieenrose\/#\/schema\/person\/29ddc6e147becfd44ee4610fd35a22c4"},"breadcrumb":{"@id":"https:\/\/blog.professionearchitetto.it\/lavieenrose\/2008\/09\/30\/allora-allora-alloracome\/#breadcrumb"},"inLanguage":"it-IT","potentialAction":[{"@type":"ReadAction","target":["https:\/\/blog.professionearchitetto.it\/lavieenrose\/2008\/09\/30\/allora-allora-alloracome\/"]}]},{"@type":"BreadcrumbList","@id":"https:\/\/blog.professionearchitetto.it\/lavieenrose\/2008\/09\/30\/allora-allora-alloracome\/#breadcrumb","itemListElement":[{"@type":"ListItem","position":1,"name":"Home","item":"https:\/\/blog.professionearchitetto.it\/lavieenrose\/"},{"@type":"ListItem","position":2,"name":"Allora allora allora&#8230;come"}]},{"@type":"WebSite","@id":"https:\/\/blog.professionearchitetto.it\/lavieenrose\/#website","url":"https:\/\/blog.professionearchitetto.it\/lavieenrose\/","name":"La Vie En Rose. Una romagnola a Nantes","description":"i blog di professionearchitetto","potentialAction":[{"@type":"SearchAction","target":{"@type":"EntryPoint","urlTemplate":"https:\/\/blog.professionearchitetto.it\/lavieenrose\/?s={search_term_string}"},"query-input":{"@type":"PropertyValueSpecification","valueRequired":true,"valueName":"search_term_string"}}],"inLanguage":"it-IT"},{"@type":"Person","@id":"https:\/\/blog.professionearchitetto.it\/lavieenrose\/#\/schema\/person\/29ddc6e147becfd44ee4610fd35a22c4","name":"claudia savorelli","image":{"@type":"ImageObject","inLanguage":"it-IT","@id":"https:\/\/blog.professionearchitetto.it\/lavieenrose\/#\/schema\/person\/image\/","url":"https:\/\/secure.gravatar.com\/avatar\/9eacb8ff02df8610fed442f20732078e?s=96&d=mm&r=g","contentUrl":"https:\/\/secure.gravatar.com\/avatar\/9eacb8ff02df8610fed442f20732078e?s=96&d=mm&r=g","caption":"claudia savorelli"},"url":"https:\/\/blog.professionearchitetto.it\/lavieenrose\/author\/claudia-savorelli\/"}]}},"_links":{"self":[{"href":"https:\/\/blog.professionearchitetto.it\/lavieenrose\/wp-json\/wp\/v2\/posts\/32","targetHints":{"allow":["GET"]}}],"collection":[{"href":"https:\/\/blog.professionearchitetto.it\/lavieenrose\/wp-json\/wp\/v2\/posts"}],"about":[{"href":"https:\/\/blog.professionearchitetto.it\/lavieenrose\/wp-json\/wp\/v2\/types\/post"}],"author":[{"embeddable":true,"href":"https:\/\/blog.professionearchitetto.it\/lavieenrose\/wp-json\/wp\/v2\/users\/25"}],"replies":[{"embeddable":true,"href":"https:\/\/blog.professionearchitetto.it\/lavieenrose\/wp-json\/wp\/v2\/comments?post=32"}],"version-history":[{"count":0,"href":"https:\/\/blog.professionearchitetto.it\/lavieenrose\/wp-json\/wp\/v2\/posts\/32\/revisions"}],"wp:attachment":[{"href":"https:\/\/blog.professionearchitetto.it\/lavieenrose\/wp-json\/wp\/v2\/media?parent=32"}],"wp:term":[{"taxonomy":"category","embeddable":true,"href":"https:\/\/blog.professionearchitetto.it\/lavieenrose\/wp-json\/wp\/v2\/categories?post=32"},{"taxonomy":"post_tag","embeddable":true,"href":"https:\/\/blog.professionearchitetto.it\/lavieenrose\/wp-json\/wp\/v2\/tags?post=32"}],"curies":[{"name":"wp","href":"https:\/\/api.w.org\/{rel}","templated":true}]}}