{"id":35,"date":"2004-06-18T00:00:00","date_gmt":"2004-06-18T00:00:00","guid":{"rendered":"http:\/\/blog.professionearchitetto.it\/paolavaglio\/2004\/06\/18\/Good-afternoon-Sono-gg\/"},"modified":"2004-06-18T00:00:00","modified_gmt":"2004-06-18T00:00:00","slug":"good-afternoon-sono-gg","status":"publish","type":"post","link":"https:\/\/blog.professionearchitetto.it\/paolavaglio\/2004\/06\/18\/good-afternoon-sono-gg\/","title":{"rendered":"Good afternoon, Sono gg"},"content":{"rendered":"<p style=\"margin: 0cm 0cm 0pt;text-align: justify\"><span style=\"font-size: 9pt;font-family: arial\"><font><font>Good afternoon,<\/font><\/font><\/span><\/p>\n<p style=\"margin: 0cm 0cm 0pt;text-align: justify\"><span style=\"font-size: 9pt;font-family: arial\"><font><font>Sono gg che mi sento malaticcia, ho un po\u2019 di pizzico alla gola e un senso di spossatezza che non accennano a diminuire. <img loading=\"lazy\" decoding=\"async\" height=\"19\" alt=\"out\" src=\"http:\/\/blog.professionearchitetto.it\/wp-content\/uploads\/smileys\/out.gif\" width=\"19\">Tutta colpa di questo sbalzo di temperatura improvviso che, da magliette a maniche corte, mi ha costretto al riuso dei maglioni di lana che erano gi\u00e0 stati accuratamente messi sotto chiave. Posso solo sperare che si tratti di un malanno passeggero e che, soprattutto, non si protragga oltre fine mese dato che le mie vacanze sono alle porte. <img loading=\"lazy\" decoding=\"async\" height=\"19\" alt=\"sorrisone\" src=\"http:\/\/blog.professionearchitetto.it\/wp-content\/uploads\/smileys\/boccaperta.gif\" width=\"19\"><\/font><\/font><\/span><\/p>\n<p style=\"margin: 0cm 0cm 0pt;text-align: justify\"><span style=\"font-size: 9pt;font-family: arial\"><font><font>Devo recuperare forma fisica e psichica in tempi brevi. <\/font><\/font><\/span><\/p>\n<p style=\"margin: 0cm 0cm 0pt;text-align: justify\"><span style=\"font-size: 9pt;font-family: arial\"><font><font>Ovviamente obiettivo Salento: molto nuoto alternato ad un moderato (ma indispensabile) uso del materassino, tradizionale sano cibo in sagre paesane o trattorie servito in piatti lavati e risciacquati (usanza qui sconosciuta. La schiuma del detersivo \u00e8 indice di pulizia: pi\u00f9 ce ne \u00e8 sui piatti mentre asciugano, pi\u00f9 alto \u00e8 l\u2019indice di pulizia del piatto stesso), pesca <span> <\/span>con lenza con conseguente impregnante odore di gamberetto a prova di sapone (<img loading=\"lazy\" decoding=\"async\" height=\"19\" alt=\"occhiolino\" src=\"http:\/\/blog.professionearchitetto.it\/wp-content\/uploads\/smileys\/occhiolino.gif\" width=\"19\"> ) e buona compagnia, sia in generale sia di qlc buon libro che, aihm\u00e8, non ho ancora comprato.<\/font><\/font><\/span><\/p>\n<p style=\"margin: 0cm 0cm 0pt;text-align: justify\"><span style=\"font-size: 9pt;font-family: arial\"><font><font>Ogni eventuale consiglio \u00e8 ben accetto.<img loading=\"lazy\" decoding=\"async\" height=\"19\" alt=\"secchione\" src=\"http:\/\/blog.professionearchitetto.it\/wp-content\/uploads\/smileys\/secchione.gif\" width=\"19\"> Dal canto mio, vi raccomando, nel caso in cui non l\u2019abbiate gi\u00e0 letto, \u201c<i>The curious incident of the dog in the night-time<\/i>\u201d di M. Haddon.<\/font><\/font><\/span><\/p>\n<p style=\"margin: 0cm 0cm 0pt;text-align: justify\"><span style=\"font-size: 9pt;font-family: arial\"><font><font>Confesso che la mia curiosit\u00e0 era pari alla mia perplessit\u00e0 mentre sfogliavo le sue pagine prima di comprarlo e mi interrogavo sul perch\u00e9 ci fossero due copertine di colore diverso (rosso\/blu) ma, a conti fatti, sono molto contenta del mio acquisto nonostante ..non so\u2026forse mi aspettavo una fine diversa, non so diversa come\u2026diversa punto.<i><\/i><\/font><\/font><\/span><\/p>\n<p style=\"margin: 0cm 0cm 0pt;text-align: justify\"><span style=\"font-size: 9pt;font-family: arial\"><font><font>E\u2019 un libro che fa sorridere (non ridere), a volte commuovere (non piangere) ma che indubbiamente fa tenerezza.<img loading=\"lazy\" decoding=\"async\" height=\"19\" alt=\"fiore\" src=\"http:\/\/blog.professionearchitetto.it\/wp-content\/uploads\/smileys\/fiore.gif\" width=\"19\"><\/font><\/font><\/span><\/p>\n<p style=\"margin: 0cm 0cm 0pt;text-align: justify\"><span style=\"font-size: 9pt;font-family: arial\"><font><font>Ci sono dei cambiamenti di tono improvvisi assolutamente brillanti in cui l\u2019espressione del viso passa da cos\u00ec <img loading=\"lazy\" decoding=\"async\" height=\"19\" alt=\"sorriso\" src=\"http:\/\/blog.professionearchitetto.it\/wp-content\/uploads\/smileys\/sorriso.gif\" width=\"19\"> a cos\u00ec <img loading=\"lazy\" decoding=\"async\" height=\"19\" alt=\"pensieroso\" src=\"http:\/\/blog.professionearchitetto.it\/wp-content\/uploads\/smileys\/pensieroso.gif\" width=\"19\"> a cos\u00ec <img loading=\"lazy\" decoding=\"async\" height=\"19\" alt=\"bho!\" src=\"http:\/\/blog.professionearchitetto.it\/wp-content\/uploads\/smileys\/bho.gif\" width=\"19\"> tutto nel giro di poche righe.<\/font><\/font><\/span><\/p>\n<p style=\"margin: 0cm 0cm 0pt;text-align: justify\"><span lang=\"en-gb\" style=\"font-size: 9pt\"><font><font>It is a<i> tactful, heart-warming book<\/i>. <\/font><\/font><\/span><\/p>\n<p style=\"margin: 0cm 0cm 0pt;text-align: justify\"><span style=\"font-size: 9pt;font-family: arial\"><font><font>A voi l\u2019ardua sentenza.<\/font><\/font><\/span><\/p>\n<p style=\"margin: 0cm 0cm 0pt;text-align: justify\"><span style=\"font-size: 9pt;font-family: arial\"><font><font><img loading=\"lazy\" decoding=\"async\" height=\"19\" alt=\"musica\" src=\"http:\/\/blog.professionearchitetto.it\/wp-content\/uploads\/smileys\/musica.gif\" width=\"19\"><\/font><\/font><\/span><\/p>\n","protected":false},"excerpt":{"rendered":"<p>Good afternoon, Sono gg che mi sento malaticcia, ho un po\u2019 di pizzico alla gola e <a href=\"https:\/\/blog.professionearchitetto.it\/paolavaglio\/2004\/06\/18\/good-afternoon-sono-gg\/\">[continua]<\/a><\/p>\n","protected":false},"author":5,"featured_media":0,"comment_status":"open","ping_status":"open","sticky":false,"template":"","format":"standard","meta":{"footnotes":""},"categories":[1],"tags":[],"class_list":["post-35","post","type-post","status-publish","format-standard","hentry","category-senza-categoria"],"yoast_head":"<!-- This site is optimized with the Yoast SEO plugin v24.7 - https:\/\/yoast.com\/wordpress\/plugins\/seo\/ -->\n<title>Good afternoon, Sono gg - a Nottingham con Paola<\/title>\n<meta name=\"robots\" content=\"index, follow, max-snippet:-1, max-image-preview:large, max-video-preview:-1\" \/>\n<link rel=\"canonical\" href=\"https:\/\/blog.professionearchitetto.it\/paolavaglio\/2004\/06\/18\/good-afternoon-sono-gg\/\" \/>\n<meta property=\"og:locale\" content=\"it_IT\" \/>\n<meta property=\"og:type\" content=\"article\" \/>\n<meta property=\"og:title\" content=\"Good afternoon, Sono gg - a Nottingham con Paola\" \/>\n<meta property=\"og:description\" content=\"Good afternoon, Sono gg che mi sento malaticcia, ho un po\u2019 di pizzico alla gola e [continua]\" \/>\n<meta property=\"og:url\" content=\"https:\/\/blog.professionearchitetto.it\/paolavaglio\/2004\/06\/18\/good-afternoon-sono-gg\/\" \/>\n<meta property=\"og:site_name\" content=\"a Nottingham con Paola\" \/>\n<meta property=\"article:published_time\" content=\"2004-06-18T00:00:00+00:00\" \/>\n<meta property=\"og:image\" content=\"http:\/\/blog.professionearchitetto.it\/wp-content\/uploads\/smileys\/out.gif\" \/>\n<meta name=\"author\" content=\"paola vaglio\" \/>\n<meta name=\"twitter:label1\" content=\"Scritto da\" \/>\n\t<meta name=\"twitter:data1\" content=\"paola vaglio\" \/>\n\t<meta name=\"twitter:label2\" content=\"Tempo di lettura stimato\" \/>\n\t<meta name=\"twitter:data2\" content=\"2 minuti\" \/>\n<script type=\"application\/ld+json\" class=\"yoast-schema-graph\">{\"@context\":\"https:\/\/schema.org\",\"@graph\":[{\"@type\":\"WebPage\",\"@id\":\"https:\/\/blog.professionearchitetto.it\/paolavaglio\/2004\/06\/18\/good-afternoon-sono-gg\/\",\"url\":\"https:\/\/blog.professionearchitetto.it\/paolavaglio\/2004\/06\/18\/good-afternoon-sono-gg\/\",\"name\":\"Good afternoon, Sono gg - a Nottingham con Paola\",\"isPartOf\":{\"@id\":\"https:\/\/blog.professionearchitetto.it\/paolavaglio\/#website\"},\"primaryImageOfPage\":{\"@id\":\"https:\/\/blog.professionearchitetto.it\/paolavaglio\/2004\/06\/18\/good-afternoon-sono-gg\/#primaryimage\"},\"image\":{\"@id\":\"https:\/\/blog.professionearchitetto.it\/paolavaglio\/2004\/06\/18\/good-afternoon-sono-gg\/#primaryimage\"},\"thumbnailUrl\":\"http:\/\/blog.professionearchitetto.it\/wp-content\/uploads\/smileys\/out.gif\",\"datePublished\":\"2004-06-18T00:00:00+00:00\",\"author\":{\"@id\":\"https:\/\/blog.professionearchitetto.it\/paolavaglio\/#\/schema\/person\/45768d3f78165b1a533a033522adcda4\"},\"breadcrumb\":{\"@id\":\"https:\/\/blog.professionearchitetto.it\/paolavaglio\/2004\/06\/18\/good-afternoon-sono-gg\/#breadcrumb\"},\"inLanguage\":\"it-IT\",\"potentialAction\":[{\"@type\":\"ReadAction\",\"target\":[\"https:\/\/blog.professionearchitetto.it\/paolavaglio\/2004\/06\/18\/good-afternoon-sono-gg\/\"]}]},{\"@type\":\"ImageObject\",\"inLanguage\":\"it-IT\",\"@id\":\"https:\/\/blog.professionearchitetto.it\/paolavaglio\/2004\/06\/18\/good-afternoon-sono-gg\/#primaryimage\",\"url\":\"http:\/\/blog.professionearchitetto.it\/wp-content\/uploads\/smileys\/out.gif\",\"contentUrl\":\"http:\/\/blog.professionearchitetto.it\/wp-content\/uploads\/smileys\/out.gif\"},{\"@type\":\"BreadcrumbList\",\"@id\":\"https:\/\/blog.professionearchitetto.it\/paolavaglio\/2004\/06\/18\/good-afternoon-sono-gg\/#breadcrumb\",\"itemListElement\":[{\"@type\":\"ListItem\",\"position\":1,\"name\":\"Home\",\"item\":\"https:\/\/blog.professionearchitetto.it\/paolavaglio\/\"},{\"@type\":\"ListItem\",\"position\":2,\"name\":\"Good afternoon, Sono gg\"}]},{\"@type\":\"WebSite\",\"@id\":\"https:\/\/blog.professionearchitetto.it\/paolavaglio\/#website\",\"url\":\"https:\/\/blog.professionearchitetto.it\/paolavaglio\/\",\"name\":\"a Nottingham con Paola\",\"description\":\"i blog di professionearchitetto\",\"potentialAction\":[{\"@type\":\"SearchAction\",\"target\":{\"@type\":\"EntryPoint\",\"urlTemplate\":\"https:\/\/blog.professionearchitetto.it\/paolavaglio\/?s={search_term_string}\"},\"query-input\":{\"@type\":\"PropertyValueSpecification\",\"valueRequired\":true,\"valueName\":\"search_term_string\"}}],\"inLanguage\":\"it-IT\"},{\"@type\":\"Person\",\"@id\":\"https:\/\/blog.professionearchitetto.it\/paolavaglio\/#\/schema\/person\/45768d3f78165b1a533a033522adcda4\",\"name\":\"paola vaglio\",\"image\":{\"@type\":\"ImageObject\",\"inLanguage\":\"it-IT\",\"@id\":\"https:\/\/blog.professionearchitetto.it\/paolavaglio\/#\/schema\/person\/image\/\",\"url\":\"https:\/\/secure.gravatar.com\/avatar\/22fb85b9e6756fffecb9e42549f1bafb?s=96&d=mm&r=g\",\"contentUrl\":\"https:\/\/secure.gravatar.com\/avatar\/22fb85b9e6756fffecb9e42549f1bafb?s=96&d=mm&r=g\",\"caption\":\"paola vaglio\"},\"url\":\"https:\/\/blog.professionearchitetto.it\/paolavaglio\/author\/paola-vaglio\/\"}]}<\/script>\n<!-- \/ Yoast SEO plugin. -->","yoast_head_json":{"title":"Good afternoon, Sono gg - a Nottingham con Paola","robots":{"index":"index","follow":"follow","max-snippet":"max-snippet:-1","max-image-preview":"max-image-preview:large","max-video-preview":"max-video-preview:-1"},"canonical":"https:\/\/blog.professionearchitetto.it\/paolavaglio\/2004\/06\/18\/good-afternoon-sono-gg\/","og_locale":"it_IT","og_type":"article","og_title":"Good afternoon, Sono gg - a Nottingham con Paola","og_description":"Good afternoon, Sono gg che mi sento malaticcia, ho un po\u2019 di pizzico alla gola e [continua]","og_url":"https:\/\/blog.professionearchitetto.it\/paolavaglio\/2004\/06\/18\/good-afternoon-sono-gg\/","og_site_name":"a Nottingham con Paola","article_published_time":"2004-06-18T00:00:00+00:00","og_image":[{"url":"http:\/\/blog.professionearchitetto.it\/wp-content\/uploads\/smileys\/out.gif","type":"","width":"","height":""}],"author":"paola vaglio","twitter_misc":{"Scritto da":"paola vaglio","Tempo di lettura stimato":"2 minuti"},"schema":{"@context":"https:\/\/schema.org","@graph":[{"@type":"WebPage","@id":"https:\/\/blog.professionearchitetto.it\/paolavaglio\/2004\/06\/18\/good-afternoon-sono-gg\/","url":"https:\/\/blog.professionearchitetto.it\/paolavaglio\/2004\/06\/18\/good-afternoon-sono-gg\/","name":"Good afternoon, Sono gg - a Nottingham con Paola","isPartOf":{"@id":"https:\/\/blog.professionearchitetto.it\/paolavaglio\/#website"},"primaryImageOfPage":{"@id":"https:\/\/blog.professionearchitetto.it\/paolavaglio\/2004\/06\/18\/good-afternoon-sono-gg\/#primaryimage"},"image":{"@id":"https:\/\/blog.professionearchitetto.it\/paolavaglio\/2004\/06\/18\/good-afternoon-sono-gg\/#primaryimage"},"thumbnailUrl":"http:\/\/blog.professionearchitetto.it\/wp-content\/uploads\/smileys\/out.gif","datePublished":"2004-06-18T00:00:00+00:00","author":{"@id":"https:\/\/blog.professionearchitetto.it\/paolavaglio\/#\/schema\/person\/45768d3f78165b1a533a033522adcda4"},"breadcrumb":{"@id":"https:\/\/blog.professionearchitetto.it\/paolavaglio\/2004\/06\/18\/good-afternoon-sono-gg\/#breadcrumb"},"inLanguage":"it-IT","potentialAction":[{"@type":"ReadAction","target":["https:\/\/blog.professionearchitetto.it\/paolavaglio\/2004\/06\/18\/good-afternoon-sono-gg\/"]}]},{"@type":"ImageObject","inLanguage":"it-IT","@id":"https:\/\/blog.professionearchitetto.it\/paolavaglio\/2004\/06\/18\/good-afternoon-sono-gg\/#primaryimage","url":"http:\/\/blog.professionearchitetto.it\/wp-content\/uploads\/smileys\/out.gif","contentUrl":"http:\/\/blog.professionearchitetto.it\/wp-content\/uploads\/smileys\/out.gif"},{"@type":"BreadcrumbList","@id":"https:\/\/blog.professionearchitetto.it\/paolavaglio\/2004\/06\/18\/good-afternoon-sono-gg\/#breadcrumb","itemListElement":[{"@type":"ListItem","position":1,"name":"Home","item":"https:\/\/blog.professionearchitetto.it\/paolavaglio\/"},{"@type":"ListItem","position":2,"name":"Good afternoon, Sono gg"}]},{"@type":"WebSite","@id":"https:\/\/blog.professionearchitetto.it\/paolavaglio\/#website","url":"https:\/\/blog.professionearchitetto.it\/paolavaglio\/","name":"a Nottingham con Paola","description":"i blog di professionearchitetto","potentialAction":[{"@type":"SearchAction","target":{"@type":"EntryPoint","urlTemplate":"https:\/\/blog.professionearchitetto.it\/paolavaglio\/?s={search_term_string}"},"query-input":{"@type":"PropertyValueSpecification","valueRequired":true,"valueName":"search_term_string"}}],"inLanguage":"it-IT"},{"@type":"Person","@id":"https:\/\/blog.professionearchitetto.it\/paolavaglio\/#\/schema\/person\/45768d3f78165b1a533a033522adcda4","name":"paola vaglio","image":{"@type":"ImageObject","inLanguage":"it-IT","@id":"https:\/\/blog.professionearchitetto.it\/paolavaglio\/#\/schema\/person\/image\/","url":"https:\/\/secure.gravatar.com\/avatar\/22fb85b9e6756fffecb9e42549f1bafb?s=96&d=mm&r=g","contentUrl":"https:\/\/secure.gravatar.com\/avatar\/22fb85b9e6756fffecb9e42549f1bafb?s=96&d=mm&r=g","caption":"paola vaglio"},"url":"https:\/\/blog.professionearchitetto.it\/paolavaglio\/author\/paola-vaglio\/"}]}},"_links":{"self":[{"href":"https:\/\/blog.professionearchitetto.it\/paolavaglio\/wp-json\/wp\/v2\/posts\/35","targetHints":{"allow":["GET"]}}],"collection":[{"href":"https:\/\/blog.professionearchitetto.it\/paolavaglio\/wp-json\/wp\/v2\/posts"}],"about":[{"href":"https:\/\/blog.professionearchitetto.it\/paolavaglio\/wp-json\/wp\/v2\/types\/post"}],"author":[{"embeddable":true,"href":"https:\/\/blog.professionearchitetto.it\/paolavaglio\/wp-json\/wp\/v2\/users\/5"}],"replies":[{"embeddable":true,"href":"https:\/\/blog.professionearchitetto.it\/paolavaglio\/wp-json\/wp\/v2\/comments?post=35"}],"version-history":[{"count":0,"href":"https:\/\/blog.professionearchitetto.it\/paolavaglio\/wp-json\/wp\/v2\/posts\/35\/revisions"}],"wp:attachment":[{"href":"https:\/\/blog.professionearchitetto.it\/paolavaglio\/wp-json\/wp\/v2\/media?parent=35"}],"wp:term":[{"taxonomy":"category","embeddable":true,"href":"https:\/\/blog.professionearchitetto.it\/paolavaglio\/wp-json\/wp\/v2\/categories?post=35"},{"taxonomy":"post_tag","embeddable":true,"href":"https:\/\/blog.professionearchitetto.it\/paolavaglio\/wp-json\/wp\/v2\/tags?post=35"}],"curies":[{"name":"wp","href":"https:\/\/api.w.org\/{rel}","templated":true}]}}