{"id":9,"date":"2004-03-29T00:00:00","date_gmt":"2004-03-29T00:00:00","guid":{"rendered":"http:\/\/blog.professionearchitetto.it\/paolavaglio\/2004\/03\/29\/Good-evening-Luned\u00ec-bigio\/"},"modified":"2004-03-29T00:00:00","modified_gmt":"2004-03-29T00:00:00","slug":"good-evening-lunedi-bigio","status":"publish","type":"post","link":"https:\/\/blog.professionearchitetto.it\/paolavaglio\/2004\/03\/29\/good-evening-lunedi-bigio\/","title":{"rendered":"Good evening! Luned\u00ec bigio"},"content":{"rendered":"<p style=\"margin: 0cm 0cm 0pt;text-align: justify\"><span style=\"font-size: 10pt;font-family: verdana\"><font>Good evening!<\/font><\/span><\/p>\n<p style=\"margin: 0cm 0cm 0pt;text-align: justify\"><span style=\"font-size: 10pt;font-family: verdana\"><font>Luned\u00ec bigio dopo un week end sottotono. Tutti i miei buoni propositi, la passeggiatina in Wollaton Park e la ricerca dell\u2019Inland Revenue, si sono infranti davanti alla mestizia delle condizioni meteorologiche.<img loading=\"lazy\" decoding=\"async\" height=\"19\" alt=\"pioggia\" src=\"http:\/\/blog.professionearchitetto.it\/wp-content\/uploads\/smileys\/pioggia.gif\" width=\"20\"> Pur confidando nel prossimo week end non mi faccio false illusioni, perch\u00e9 per citare qlc (<span> <img loading=\"lazy\" decoding=\"async\" height=\"19\" alt=\"imbarazzato\" src=\"http:\/\/blog.professionearchitetto.it\/wp-content\/uploads\/smileys\/arrossisco.gif\" width=\"19\"> <\/span>)<span> <\/span>qui in Inghilterra, inutile prendersi in giro, <i>non c&#8217;\u00e8 il sole ed il calore del SUD!!!!<\/i> (nonostante le orecchiette ormai nei fornitissimi supermercati made in england si possano anche trovare in un apposito scompartimento con faretto colorato che le mette in risalto come cibo<i> untouchable<\/i> extra lusso per gente abbiente).<\/font><\/span><\/p>\n<p style=\"margin: 0cm 0cm 0pt;text-align: justify\"><font><span style=\"font-size: 10pt;font-family: verdana\">Oggi non so, qlc non mi torna.<img loading=\"lazy\" decoding=\"async\" height=\"19\" alt=\"bho!\" src=\"http:\/\/blog.professionearchitetto.it\/wp-content\/uploads\/smileys\/bho.gif\" width=\"19\"> E non mi tornava neanche prima di combinare il danno che a breve vi racconter\u00f2. Non credo di aver dimenticato di fare qlc di importante (anche perch\u00e9 la mia sveglia al mio telefonino me l\u2019avrebbe ricordato!), l\u2019incontro con il capo \u00e8 andato bene, \u00e8 rimasto positivamente colpito dal mio lavoro, eppure qlc non va. <\/span><span lang=\"en-gb\" style=\"font-size: 10pt\">E cos\u00ec visto che per me questo blog, per usare parole non mie, <i>is<\/i> <i>like a stream of consciousness, a journey across the landscape of the mind, a place where thoughts run into dreams and time forgets its own name<\/i> ho pensato che qui, a tavolino, avrei potuto fare chiarezza in me stessa. <\/span><span style=\"font-size: 10pt;font-family: verdana\">E invece, come per magia (nera)<img loading=\"lazy\" decoding=\"async\" height=\"19\" alt=\"arrabbiato\" src=\"http:\/\/blog.professionearchitetto.it\/wp-content\/uploads\/smileys\/arrabbiato.gif\" width=\"19\">, ho combinato un danno tale che vorrei che si aprisse una voragine nel pavimento che mi risucchiasse nell\u2019entroterra come a volte accade nei cartoni animati di Tom &amp; Jerry. Ho rotto un vetro della mia stanza e Judy non \u00e8 neanche in casa per poter confessare il misfatto. Se in questo momento vi state chiedendo come abbia potuto combinare un danno simile la risposta \u00e8 banale ma sincera\u2026.e cio\u00e8.. non lo so. La finestra mi suggerisce la soluzione ai miei problemi (\u00e8 a ghigliottina \u2026metto la testa e via!) ma scherzi a parte credo che sia scivolata per il vento e il vetro, sicuramente con qlc impurit\u00e0 al suo interno, si \u00e8 rotto. <img loading=\"lazy\" decoding=\"async\" height=\"19\" alt=\"lacrime\" src=\"http:\/\/blog.professionearchitetto.it\/wp-content\/uploads\/smileys\/lacrime.gif\" width=\"19\"><\/span><\/font><\/p>\n<p style=\"margin: 0cm 0cm 0pt;text-align: justify\"><span style=\"font-size: 10pt;font-family: verdana\"><font>Non \u00e8 completamente in brandelli ma si \u00e8 creata una bella fessura. Da bravo architetto mi sono messa a studiare l\u2019infisso per capire l\u2019entit\u00e0 del danno e aihm\u00e8 credo che non sia da poco perch\u00e9 mi sa che si deve smontare tutto\u2026\u2026\u2026\u2026\u2026\u2026ARGHHHHHHHHHHHHHHH!!!!! Mi sento veramente in colpa!!!<img loading=\"lazy\" decoding=\"async\" height=\"19\" alt=\"fiore appassito\" src=\"http:\/\/blog.professionearchitetto.it\/wp-content\/uploads\/smileys\/appassita.gif\" width=\"19\"> Basta\u2026che dire? epilogo di una giornata iniziata male e finita peggio con quel non so che di non so cosa che non torna!!! Mah!<\/font><\/span><\/p>\n<p style=\"margin: 0cm 0cm 0pt;text-align: justify\"><span style=\"font-size: 10pt;font-family: verdana\"><font>Non posso che sperare che Judy torni a casa prima del solito per poter espiare le mie colpe ed avere l\u2019assoluzione del mio peccato e che domani, complice un insolito insperato raggio di sole, possa tornare il sereno fuori e dentro di me. <img loading=\"lazy\" decoding=\"async\" height=\"19\" alt=\"stella\" src=\"http:\/\/blog.professionearchitetto.it\/wp-content\/uploads\/smileys\/stella.gif\" width=\"19\"><\/font><\/span><\/p>\n<p style=\"margin: 0cm 0cm 0pt;text-align: justify\"><span style=\"font-size: 10pt;font-family: verdana\"><font>Kisses<img loading=\"lazy\" decoding=\"async\" height=\"19\" alt=\"cuore\" src=\"http:\/\/blog.professionearchitetto.it\/wp-content\/uploads\/smileys\/cuore.gif\" width=\"19\"><\/font><\/span><\/p>\n<p style=\"margin: 0cm 0cm 0pt;text-align: justify\"><span style=\"font-size: 10pt;font-family: verdana\"><font>Paola <\/font><\/span><\/p>\n","protected":false},"excerpt":{"rendered":"<p>Good evening! Luned\u00ec bigio dopo un week end sottotono. Tutti i miei buoni propositi, la passeggiatina <a href=\"https:\/\/blog.professionearchitetto.it\/paolavaglio\/2004\/03\/29\/good-evening-lunedi-bigio\/\">[continua]<\/a><\/p>\n","protected":false},"author":5,"featured_media":0,"comment_status":"open","ping_status":"open","sticky":false,"template":"","format":"standard","meta":{"footnotes":""},"categories":[1],"tags":[],"class_list":["post-9","post","type-post","status-publish","format-standard","hentry","category-senza-categoria"],"yoast_head":"<!-- This site is optimized with the Yoast SEO plugin v24.7 - https:\/\/yoast.com\/wordpress\/plugins\/seo\/ -->\n<title>Good evening! Luned\u00ec bigio - a Nottingham con Paola<\/title>\n<meta name=\"robots\" content=\"index, follow, max-snippet:-1, max-image-preview:large, max-video-preview:-1\" \/>\n<link rel=\"canonical\" href=\"https:\/\/blog.professionearchitetto.it\/paolavaglio\/2004\/03\/29\/good-evening-lunedi-bigio\/\" \/>\n<meta property=\"og:locale\" content=\"it_IT\" \/>\n<meta property=\"og:type\" content=\"article\" \/>\n<meta property=\"og:title\" content=\"Good evening! Luned\u00ec bigio - a Nottingham con Paola\" \/>\n<meta property=\"og:description\" content=\"Good evening! Luned\u00ec bigio dopo un week end sottotono. Tutti i miei buoni propositi, la passeggiatina [continua]\" \/>\n<meta property=\"og:url\" content=\"https:\/\/blog.professionearchitetto.it\/paolavaglio\/2004\/03\/29\/good-evening-lunedi-bigio\/\" \/>\n<meta property=\"og:site_name\" content=\"a Nottingham con Paola\" \/>\n<meta property=\"article:published_time\" content=\"2004-03-29T00:00:00+00:00\" \/>\n<meta property=\"og:image\" content=\"http:\/\/blog.professionearchitetto.it\/wp-content\/uploads\/smileys\/pioggia.gif\" \/>\n<meta name=\"author\" content=\"paola vaglio\" \/>\n<meta name=\"twitter:label1\" content=\"Scritto da\" \/>\n\t<meta name=\"twitter:data1\" content=\"paola vaglio\" \/>\n\t<meta name=\"twitter:label2\" content=\"Tempo di lettura stimato\" \/>\n\t<meta name=\"twitter:data2\" content=\"2 minuti\" \/>\n<script type=\"application\/ld+json\" class=\"yoast-schema-graph\">{\"@context\":\"https:\/\/schema.org\",\"@graph\":[{\"@type\":\"WebPage\",\"@id\":\"https:\/\/blog.professionearchitetto.it\/paolavaglio\/2004\/03\/29\/good-evening-lunedi-bigio\/\",\"url\":\"https:\/\/blog.professionearchitetto.it\/paolavaglio\/2004\/03\/29\/good-evening-lunedi-bigio\/\",\"name\":\"Good evening! Luned\u00ec bigio - a Nottingham con Paola\",\"isPartOf\":{\"@id\":\"https:\/\/blog.professionearchitetto.it\/paolavaglio\/#website\"},\"primaryImageOfPage\":{\"@id\":\"https:\/\/blog.professionearchitetto.it\/paolavaglio\/2004\/03\/29\/good-evening-lunedi-bigio\/#primaryimage\"},\"image\":{\"@id\":\"https:\/\/blog.professionearchitetto.it\/paolavaglio\/2004\/03\/29\/good-evening-lunedi-bigio\/#primaryimage\"},\"thumbnailUrl\":\"http:\/\/blog.professionearchitetto.it\/wp-content\/uploads\/smileys\/pioggia.gif\",\"datePublished\":\"2004-03-29T00:00:00+00:00\",\"author\":{\"@id\":\"https:\/\/blog.professionearchitetto.it\/paolavaglio\/#\/schema\/person\/45768d3f78165b1a533a033522adcda4\"},\"breadcrumb\":{\"@id\":\"https:\/\/blog.professionearchitetto.it\/paolavaglio\/2004\/03\/29\/good-evening-lunedi-bigio\/#breadcrumb\"},\"inLanguage\":\"it-IT\",\"potentialAction\":[{\"@type\":\"ReadAction\",\"target\":[\"https:\/\/blog.professionearchitetto.it\/paolavaglio\/2004\/03\/29\/good-evening-lunedi-bigio\/\"]}]},{\"@type\":\"ImageObject\",\"inLanguage\":\"it-IT\",\"@id\":\"https:\/\/blog.professionearchitetto.it\/paolavaglio\/2004\/03\/29\/good-evening-lunedi-bigio\/#primaryimage\",\"url\":\"http:\/\/blog.professionearchitetto.it\/wp-content\/uploads\/smileys\/pioggia.gif\",\"contentUrl\":\"http:\/\/blog.professionearchitetto.it\/wp-content\/uploads\/smileys\/pioggia.gif\"},{\"@type\":\"BreadcrumbList\",\"@id\":\"https:\/\/blog.professionearchitetto.it\/paolavaglio\/2004\/03\/29\/good-evening-lunedi-bigio\/#breadcrumb\",\"itemListElement\":[{\"@type\":\"ListItem\",\"position\":1,\"name\":\"Home\",\"item\":\"https:\/\/blog.professionearchitetto.it\/paolavaglio\/\"},{\"@type\":\"ListItem\",\"position\":2,\"name\":\"Good evening! Luned\u00ec bigio\"}]},{\"@type\":\"WebSite\",\"@id\":\"https:\/\/blog.professionearchitetto.it\/paolavaglio\/#website\",\"url\":\"https:\/\/blog.professionearchitetto.it\/paolavaglio\/\",\"name\":\"a Nottingham con Paola\",\"description\":\"i blog di professionearchitetto\",\"potentialAction\":[{\"@type\":\"SearchAction\",\"target\":{\"@type\":\"EntryPoint\",\"urlTemplate\":\"https:\/\/blog.professionearchitetto.it\/paolavaglio\/?s={search_term_string}\"},\"query-input\":{\"@type\":\"PropertyValueSpecification\",\"valueRequired\":true,\"valueName\":\"search_term_string\"}}],\"inLanguage\":\"it-IT\"},{\"@type\":\"Person\",\"@id\":\"https:\/\/blog.professionearchitetto.it\/paolavaglio\/#\/schema\/person\/45768d3f78165b1a533a033522adcda4\",\"name\":\"paola vaglio\",\"image\":{\"@type\":\"ImageObject\",\"inLanguage\":\"it-IT\",\"@id\":\"https:\/\/blog.professionearchitetto.it\/paolavaglio\/#\/schema\/person\/image\/\",\"url\":\"https:\/\/secure.gravatar.com\/avatar\/22fb85b9e6756fffecb9e42549f1bafb?s=96&d=mm&r=g\",\"contentUrl\":\"https:\/\/secure.gravatar.com\/avatar\/22fb85b9e6756fffecb9e42549f1bafb?s=96&d=mm&r=g\",\"caption\":\"paola vaglio\"},\"url\":\"https:\/\/blog.professionearchitetto.it\/paolavaglio\/author\/paola-vaglio\/\"}]}<\/script>\n<!-- \/ Yoast SEO plugin. -->","yoast_head_json":{"title":"Good evening! Luned\u00ec bigio - a Nottingham con Paola","robots":{"index":"index","follow":"follow","max-snippet":"max-snippet:-1","max-image-preview":"max-image-preview:large","max-video-preview":"max-video-preview:-1"},"canonical":"https:\/\/blog.professionearchitetto.it\/paolavaglio\/2004\/03\/29\/good-evening-lunedi-bigio\/","og_locale":"it_IT","og_type":"article","og_title":"Good evening! Luned\u00ec bigio - a Nottingham con Paola","og_description":"Good evening! Luned\u00ec bigio dopo un week end sottotono. Tutti i miei buoni propositi, la passeggiatina [continua]","og_url":"https:\/\/blog.professionearchitetto.it\/paolavaglio\/2004\/03\/29\/good-evening-lunedi-bigio\/","og_site_name":"a Nottingham con Paola","article_published_time":"2004-03-29T00:00:00+00:00","og_image":[{"url":"http:\/\/blog.professionearchitetto.it\/wp-content\/uploads\/smileys\/pioggia.gif","type":"","width":"","height":""}],"author":"paola vaglio","twitter_misc":{"Scritto da":"paola vaglio","Tempo di lettura stimato":"2 minuti"},"schema":{"@context":"https:\/\/schema.org","@graph":[{"@type":"WebPage","@id":"https:\/\/blog.professionearchitetto.it\/paolavaglio\/2004\/03\/29\/good-evening-lunedi-bigio\/","url":"https:\/\/blog.professionearchitetto.it\/paolavaglio\/2004\/03\/29\/good-evening-lunedi-bigio\/","name":"Good evening! Luned\u00ec bigio - a Nottingham con Paola","isPartOf":{"@id":"https:\/\/blog.professionearchitetto.it\/paolavaglio\/#website"},"primaryImageOfPage":{"@id":"https:\/\/blog.professionearchitetto.it\/paolavaglio\/2004\/03\/29\/good-evening-lunedi-bigio\/#primaryimage"},"image":{"@id":"https:\/\/blog.professionearchitetto.it\/paolavaglio\/2004\/03\/29\/good-evening-lunedi-bigio\/#primaryimage"},"thumbnailUrl":"http:\/\/blog.professionearchitetto.it\/wp-content\/uploads\/smileys\/pioggia.gif","datePublished":"2004-03-29T00:00:00+00:00","author":{"@id":"https:\/\/blog.professionearchitetto.it\/paolavaglio\/#\/schema\/person\/45768d3f78165b1a533a033522adcda4"},"breadcrumb":{"@id":"https:\/\/blog.professionearchitetto.it\/paolavaglio\/2004\/03\/29\/good-evening-lunedi-bigio\/#breadcrumb"},"inLanguage":"it-IT","potentialAction":[{"@type":"ReadAction","target":["https:\/\/blog.professionearchitetto.it\/paolavaglio\/2004\/03\/29\/good-evening-lunedi-bigio\/"]}]},{"@type":"ImageObject","inLanguage":"it-IT","@id":"https:\/\/blog.professionearchitetto.it\/paolavaglio\/2004\/03\/29\/good-evening-lunedi-bigio\/#primaryimage","url":"http:\/\/blog.professionearchitetto.it\/wp-content\/uploads\/smileys\/pioggia.gif","contentUrl":"http:\/\/blog.professionearchitetto.it\/wp-content\/uploads\/smileys\/pioggia.gif"},{"@type":"BreadcrumbList","@id":"https:\/\/blog.professionearchitetto.it\/paolavaglio\/2004\/03\/29\/good-evening-lunedi-bigio\/#breadcrumb","itemListElement":[{"@type":"ListItem","position":1,"name":"Home","item":"https:\/\/blog.professionearchitetto.it\/paolavaglio\/"},{"@type":"ListItem","position":2,"name":"Good evening! Luned\u00ec bigio"}]},{"@type":"WebSite","@id":"https:\/\/blog.professionearchitetto.it\/paolavaglio\/#website","url":"https:\/\/blog.professionearchitetto.it\/paolavaglio\/","name":"a Nottingham con Paola","description":"i blog di professionearchitetto","potentialAction":[{"@type":"SearchAction","target":{"@type":"EntryPoint","urlTemplate":"https:\/\/blog.professionearchitetto.it\/paolavaglio\/?s={search_term_string}"},"query-input":{"@type":"PropertyValueSpecification","valueRequired":true,"valueName":"search_term_string"}}],"inLanguage":"it-IT"},{"@type":"Person","@id":"https:\/\/blog.professionearchitetto.it\/paolavaglio\/#\/schema\/person\/45768d3f78165b1a533a033522adcda4","name":"paola vaglio","image":{"@type":"ImageObject","inLanguage":"it-IT","@id":"https:\/\/blog.professionearchitetto.it\/paolavaglio\/#\/schema\/person\/image\/","url":"https:\/\/secure.gravatar.com\/avatar\/22fb85b9e6756fffecb9e42549f1bafb?s=96&d=mm&r=g","contentUrl":"https:\/\/secure.gravatar.com\/avatar\/22fb85b9e6756fffecb9e42549f1bafb?s=96&d=mm&r=g","caption":"paola vaglio"},"url":"https:\/\/blog.professionearchitetto.it\/paolavaglio\/author\/paola-vaglio\/"}]}},"_links":{"self":[{"href":"https:\/\/blog.professionearchitetto.it\/paolavaglio\/wp-json\/wp\/v2\/posts\/9","targetHints":{"allow":["GET"]}}],"collection":[{"href":"https:\/\/blog.professionearchitetto.it\/paolavaglio\/wp-json\/wp\/v2\/posts"}],"about":[{"href":"https:\/\/blog.professionearchitetto.it\/paolavaglio\/wp-json\/wp\/v2\/types\/post"}],"author":[{"embeddable":true,"href":"https:\/\/blog.professionearchitetto.it\/paolavaglio\/wp-json\/wp\/v2\/users\/5"}],"replies":[{"embeddable":true,"href":"https:\/\/blog.professionearchitetto.it\/paolavaglio\/wp-json\/wp\/v2\/comments?post=9"}],"version-history":[{"count":0,"href":"https:\/\/blog.professionearchitetto.it\/paolavaglio\/wp-json\/wp\/v2\/posts\/9\/revisions"}],"wp:attachment":[{"href":"https:\/\/blog.professionearchitetto.it\/paolavaglio\/wp-json\/wp\/v2\/media?parent=9"}],"wp:term":[{"taxonomy":"category","embeddable":true,"href":"https:\/\/blog.professionearchitetto.it\/paolavaglio\/wp-json\/wp\/v2\/categories?post=9"},{"taxonomy":"post_tag","embeddable":true,"href":"https:\/\/blog.professionearchitetto.it\/paolavaglio\/wp-json\/wp\/v2\/tags?post=9"}],"curies":[{"name":"wp","href":"https:\/\/api.w.org\/{rel}","templated":true}]}}