{"id":32,"date":"2013-02-19T14:53:48","date_gmt":"2013-02-19T13:53:48","guid":{"rendered":"http:\/\/blog.professionearchitetto.it\/vueltasespana\/?p=32"},"modified":"2013-02-19T14:53:48","modified_gmt":"2013-02-19T13:53:48","slug":"aeroporti-come-funghi","status":"publish","type":"post","link":"https:\/\/blog.professionearchitetto.it\/vueltasespana\/2013\/02\/19\/aeroporti-come-funghi\/","title":{"rendered":"Aeroporti come funghi&#8230;"},"content":{"rendered":"<p>La Spagna, ahi la Spagna, il paese che \u00e8 riuscito in pochi anni a passare dalla perfezione alla dannazione, da una meta di arrivo a un punto di partenza. Ah che bello era svegliarsi col mal di testa dalla sera prima, lavorare e fare festa, tanto lavoro e tanta festa e tanta&#8230;.architettura, o meglio non proprio, diciamo costruzione. Ho gi\u00e0 parlato di cosa \u00e8 successo laggi\u00fa ma ora vorrei parlare di un altro record iberico, che non\u00e8 il nuovo open vinto da Nadal o del numero di assist di Iniesta. Il fatto \u00e8 che laggi\u00fa, in Iberia sono un tantino esagerati e spesso gli scappa la mano, o almeno gli \u00e8 scappata. Premetto il mio amore per tale popolo, questa che faccio \u00e8 pura ironia, o sarcasmo.<\/p>\n<p>Da un articolo di qualche giorno fa de &#8220;El Pais&#8221;( http:\/\/politica.elpais.com\/politica\/2013\/02\/15\/actualidad\/1360957195_518475.html): Murcia, comunit\u00e0 autonoma del sud della penisola, si \u00e8 dotata di un aeroporto all&#8217;avanguardia, finanziato e gestito con fondi privati e che contribuir\u00e0, assieme ad altre infrastrutture al rilancio turistico della zona, su cui qualche milionaio di inglesi e di tedeschi hanno gi\u00e0 puntato le loro ansie da vancanzieri arrosto. E fin qui tutto bene no? Ci si lancia in un&#8217;avventura con soldi non pubblici e si tira su tutto. Il problemino c&#8217;\u00e8, ed \u00e8 cos\u00ed insignificante da non essere quasi percepito: l&#8217;aeroporto non ha aerei.<\/p>\n<p>\u00bf\u00bf\u00bf\u00bf\u00bfCOME?????<\/p>\n<p>Non ci sono velivoli, e pare che non ci saranno mai. Non si era infatti tenuto in conto del fatto che bisognava anche chiedere dei permessi per tale aerodromo e che, ahim\u00e9 a pochi chilometri ce n&#8217;era gi\u00e0 un altro, pubblico, gi\u00e0 in uso&#8230;proprio non se n&#8217;erano accorti. Manie speculative? Eccesso di ottimismo? Molti fattori, il fatto \u00e8 che laggi\u00fa nella penisola iberica di aeroporti nuovi ed inutilizzati ce ne sono gi\u00e0 4: Ciudad Real, Huesca, Castell\u00f3n ed appunto Murcia. Vi immaginate che bel concorso di idee sarebbe il recupero di un aeroporto intero sperduto in mezzo al niente?<\/p>\n<p>Ho voluto riprendere questo tema ancora una volta, anche per ricordare un grande della fotografia italiana, Gabriele Basilico, che \u00e8 morto la scorsa settimana. Tra i suoi lavori aveva anche lui voluto rappresentare il fenomeno delle bolle immobiliari, un esempio a questo link: http:\/\/cultura.elpais.com\/cultura\/2012\/08\/17\/actualidad\/1345232388_345931.html\u00a0 &#8230;\u00a0 Come possiamo vedere da questo suo lavoro, anche in Italia abbiamo avuto lo stesso problema, e sembra che la lezione mica tanto l&#8217;abbiamo imparata&#8230;ma questo sar\u00e0 l&#8217;argomento del prossimo post. Di sicuro pi\u00fa propositivo.<\/p>\n<p>Luca<\/p>\n<p>www.lucagirardini.com.<\/p>\n<p>https:\/\/www.facebook.com\/LucaGirardini.Photos<\/p>\n","protected":false},"excerpt":{"rendered":"<p>La Spagna, ahi la Spagna, il paese che \u00e8 riuscito in pochi anni a passare dalla perfezione alla dannazione, da una meta di arrivo a un punto di partenza. Ah che bello era svegliarsi col mal di testa dalla sera &hellip; <a href=\"https:\/\/blog.professionearchitetto.it\/vueltasespana\/2013\/02\/19\/aeroporti-come-funghi\/\">[continua]<\/a><\/p>\n","protected":false},"author":24,"featured_media":0,"comment_status":"open","ping_status":"closed","sticky":false,"template":"","format":"standard","meta":{"footnotes":""},"categories":[1],"tags":[],"class_list":["post-32","post","type-post","status-publish","format-standard","hentry","category-senza-categoria"],"yoast_head":"<!-- This site is optimized with the Yoast SEO plugin v24.7 - https:\/\/yoast.com\/wordpress\/plugins\/seo\/ -->\n<title>Aeroporti come funghi... - Dandole Vueltas a Espa\u00f1a<\/title>\n<meta name=\"robots\" content=\"index, follow, max-snippet:-1, max-image-preview:large, max-video-preview:-1\" \/>\n<link rel=\"canonical\" href=\"https:\/\/blog.professionearchitetto.it\/vueltasespana\/2013\/02\/19\/aeroporti-come-funghi\/\" \/>\n<meta property=\"og:locale\" content=\"it_IT\" \/>\n<meta property=\"og:type\" content=\"article\" \/>\n<meta property=\"og:title\" content=\"Aeroporti come funghi... - Dandole Vueltas a Espa\u00f1a\" \/>\n<meta property=\"og:description\" content=\"La Spagna, ahi la Spagna, il paese che \u00e8 riuscito in pochi anni a passare dalla perfezione alla dannazione, da una meta di arrivo a un punto di partenza. Ah che bello era svegliarsi col mal di testa dalla sera &hellip; [continua]\" \/>\n<meta property=\"og:url\" content=\"https:\/\/blog.professionearchitetto.it\/vueltasespana\/2013\/02\/19\/aeroporti-come-funghi\/\" \/>\n<meta property=\"og:site_name\" content=\"Dandole Vueltas a Espa\u00f1a\" \/>\n<meta property=\"article:published_time\" content=\"2013-02-19T13:53:48+00:00\" \/>\n<meta name=\"author\" content=\"luca girardini\" \/>\n<meta name=\"twitter:label1\" content=\"Scritto da\" \/>\n\t<meta name=\"twitter:data1\" content=\"luca girardini\" \/>\n\t<meta name=\"twitter:label2\" content=\"Tempo di lettura stimato\" \/>\n\t<meta name=\"twitter:data2\" content=\"2 minuti\" \/>\n<script type=\"application\/ld+json\" class=\"yoast-schema-graph\">{\"@context\":\"https:\/\/schema.org\",\"@graph\":[{\"@type\":\"WebPage\",\"@id\":\"https:\/\/blog.professionearchitetto.it\/vueltasespana\/2013\/02\/19\/aeroporti-come-funghi\/\",\"url\":\"https:\/\/blog.professionearchitetto.it\/vueltasespana\/2013\/02\/19\/aeroporti-come-funghi\/\",\"name\":\"Aeroporti come funghi... - Dandole Vueltas a Espa\u00f1a\",\"isPartOf\":{\"@id\":\"https:\/\/blog.professionearchitetto.it\/vueltasespana\/#website\"},\"datePublished\":\"2013-02-19T13:53:48+00:00\",\"author\":{\"@id\":\"https:\/\/blog.professionearchitetto.it\/vueltasespana\/#\/schema\/person\/52448cd2a67d557d51f10de10cd3ff06\"},\"breadcrumb\":{\"@id\":\"https:\/\/blog.professionearchitetto.it\/vueltasespana\/2013\/02\/19\/aeroporti-come-funghi\/#breadcrumb\"},\"inLanguage\":\"it-IT\",\"potentialAction\":[{\"@type\":\"ReadAction\",\"target\":[\"https:\/\/blog.professionearchitetto.it\/vueltasespana\/2013\/02\/19\/aeroporti-come-funghi\/\"]}]},{\"@type\":\"BreadcrumbList\",\"@id\":\"https:\/\/blog.professionearchitetto.it\/vueltasespana\/2013\/02\/19\/aeroporti-come-funghi\/#breadcrumb\",\"itemListElement\":[{\"@type\":\"ListItem\",\"position\":1,\"name\":\"Home\",\"item\":\"https:\/\/blog.professionearchitetto.it\/vueltasespana\/\"},{\"@type\":\"ListItem\",\"position\":2,\"name\":\"Aeroporti come funghi&#8230;\"}]},{\"@type\":\"WebSite\",\"@id\":\"https:\/\/blog.professionearchitetto.it\/vueltasespana\/#website\",\"url\":\"https:\/\/blog.professionearchitetto.it\/vueltasespana\/\",\"name\":\"Dandole Vueltas a Espa\u00f1a\",\"description\":\"i blog di professionearchitetto\",\"potentialAction\":[{\"@type\":\"SearchAction\",\"target\":{\"@type\":\"EntryPoint\",\"urlTemplate\":\"https:\/\/blog.professionearchitetto.it\/vueltasespana\/?s={search_term_string}\"},\"query-input\":{\"@type\":\"PropertyValueSpecification\",\"valueRequired\":true,\"valueName\":\"search_term_string\"}}],\"inLanguage\":\"it-IT\"},{\"@type\":\"Person\",\"@id\":\"https:\/\/blog.professionearchitetto.it\/vueltasespana\/#\/schema\/person\/52448cd2a67d557d51f10de10cd3ff06\",\"name\":\"luca girardini\",\"image\":{\"@type\":\"ImageObject\",\"inLanguage\":\"it-IT\",\"@id\":\"https:\/\/blog.professionearchitetto.it\/vueltasespana\/#\/schema\/person\/image\/\",\"url\":\"https:\/\/secure.gravatar.com\/avatar\/2d75a294c75e688a85d0d83e8c024768?s=96&d=mm&r=g\",\"contentUrl\":\"https:\/\/secure.gravatar.com\/avatar\/2d75a294c75e688a85d0d83e8c024768?s=96&d=mm&r=g\",\"caption\":\"luca girardini\"},\"url\":\"https:\/\/blog.professionearchitetto.it\/vueltasespana\/author\/luca-girardini\/\"}]}<\/script>\n<!-- \/ Yoast SEO plugin. -->","yoast_head_json":{"title":"Aeroporti come funghi... - Dandole Vueltas a Espa\u00f1a","robots":{"index":"index","follow":"follow","max-snippet":"max-snippet:-1","max-image-preview":"max-image-preview:large","max-video-preview":"max-video-preview:-1"},"canonical":"https:\/\/blog.professionearchitetto.it\/vueltasespana\/2013\/02\/19\/aeroporti-come-funghi\/","og_locale":"it_IT","og_type":"article","og_title":"Aeroporti come funghi... - Dandole Vueltas a Espa\u00f1a","og_description":"La Spagna, ahi la Spagna, il paese che \u00e8 riuscito in pochi anni a passare dalla perfezione alla dannazione, da una meta di arrivo a un punto di partenza. Ah che bello era svegliarsi col mal di testa dalla sera &hellip; [continua]","og_url":"https:\/\/blog.professionearchitetto.it\/vueltasespana\/2013\/02\/19\/aeroporti-come-funghi\/","og_site_name":"Dandole Vueltas a Espa\u00f1a","article_published_time":"2013-02-19T13:53:48+00:00","author":"luca girardini","twitter_misc":{"Scritto da":"luca girardini","Tempo di lettura stimato":"2 minuti"},"schema":{"@context":"https:\/\/schema.org","@graph":[{"@type":"WebPage","@id":"https:\/\/blog.professionearchitetto.it\/vueltasespana\/2013\/02\/19\/aeroporti-come-funghi\/","url":"https:\/\/blog.professionearchitetto.it\/vueltasespana\/2013\/02\/19\/aeroporti-come-funghi\/","name":"Aeroporti come funghi... - Dandole Vueltas a Espa\u00f1a","isPartOf":{"@id":"https:\/\/blog.professionearchitetto.it\/vueltasespana\/#website"},"datePublished":"2013-02-19T13:53:48+00:00","author":{"@id":"https:\/\/blog.professionearchitetto.it\/vueltasespana\/#\/schema\/person\/52448cd2a67d557d51f10de10cd3ff06"},"breadcrumb":{"@id":"https:\/\/blog.professionearchitetto.it\/vueltasespana\/2013\/02\/19\/aeroporti-come-funghi\/#breadcrumb"},"inLanguage":"it-IT","potentialAction":[{"@type":"ReadAction","target":["https:\/\/blog.professionearchitetto.it\/vueltasespana\/2013\/02\/19\/aeroporti-come-funghi\/"]}]},{"@type":"BreadcrumbList","@id":"https:\/\/blog.professionearchitetto.it\/vueltasespana\/2013\/02\/19\/aeroporti-come-funghi\/#breadcrumb","itemListElement":[{"@type":"ListItem","position":1,"name":"Home","item":"https:\/\/blog.professionearchitetto.it\/vueltasespana\/"},{"@type":"ListItem","position":2,"name":"Aeroporti come funghi&#8230;"}]},{"@type":"WebSite","@id":"https:\/\/blog.professionearchitetto.it\/vueltasespana\/#website","url":"https:\/\/blog.professionearchitetto.it\/vueltasespana\/","name":"Dandole Vueltas a Espa\u00f1a","description":"i blog di professionearchitetto","potentialAction":[{"@type":"SearchAction","target":{"@type":"EntryPoint","urlTemplate":"https:\/\/blog.professionearchitetto.it\/vueltasespana\/?s={search_term_string}"},"query-input":{"@type":"PropertyValueSpecification","valueRequired":true,"valueName":"search_term_string"}}],"inLanguage":"it-IT"},{"@type":"Person","@id":"https:\/\/blog.professionearchitetto.it\/vueltasespana\/#\/schema\/person\/52448cd2a67d557d51f10de10cd3ff06","name":"luca girardini","image":{"@type":"ImageObject","inLanguage":"it-IT","@id":"https:\/\/blog.professionearchitetto.it\/vueltasespana\/#\/schema\/person\/image\/","url":"https:\/\/secure.gravatar.com\/avatar\/2d75a294c75e688a85d0d83e8c024768?s=96&d=mm&r=g","contentUrl":"https:\/\/secure.gravatar.com\/avatar\/2d75a294c75e688a85d0d83e8c024768?s=96&d=mm&r=g","caption":"luca girardini"},"url":"https:\/\/blog.professionearchitetto.it\/vueltasespana\/author\/luca-girardini\/"}]}},"_links":{"self":[{"href":"https:\/\/blog.professionearchitetto.it\/vueltasespana\/wp-json\/wp\/v2\/posts\/32","targetHints":{"allow":["GET"]}}],"collection":[{"href":"https:\/\/blog.professionearchitetto.it\/vueltasespana\/wp-json\/wp\/v2\/posts"}],"about":[{"href":"https:\/\/blog.professionearchitetto.it\/vueltasespana\/wp-json\/wp\/v2\/types\/post"}],"author":[{"embeddable":true,"href":"https:\/\/blog.professionearchitetto.it\/vueltasespana\/wp-json\/wp\/v2\/users\/24"}],"replies":[{"embeddable":true,"href":"https:\/\/blog.professionearchitetto.it\/vueltasespana\/wp-json\/wp\/v2\/comments?post=32"}],"version-history":[{"count":1,"href":"https:\/\/blog.professionearchitetto.it\/vueltasespana\/wp-json\/wp\/v2\/posts\/32\/revisions"}],"predecessor-version":[{"id":33,"href":"https:\/\/blog.professionearchitetto.it\/vueltasespana\/wp-json\/wp\/v2\/posts\/32\/revisions\/33"}],"wp:attachment":[{"href":"https:\/\/blog.professionearchitetto.it\/vueltasespana\/wp-json\/wp\/v2\/media?parent=32"}],"wp:term":[{"taxonomy":"category","embeddable":true,"href":"https:\/\/blog.professionearchitetto.it\/vueltasespana\/wp-json\/wp\/v2\/categories?post=32"},{"taxonomy":"post_tag","embeddable":true,"href":"https:\/\/blog.professionearchitetto.it\/vueltasespana\/wp-json\/wp\/v2\/tags?post=32"}],"curies":[{"name":"wp","href":"https:\/\/api.w.org\/{rel}","templated":true}]}}